{"id":4147,"date":"2026-02-05T18:44:32","date_gmt":"2026-02-06T00:44:32","guid":{"rendered":"https:\/\/norestedigital.net\/?p=4147"},"modified":"2026-02-05T18:44:33","modified_gmt":"2026-02-06T00:44:33","slug":"edad-salud-y-estudios-severos-frenos-para-ingresar-a-maquilas","status":"publish","type":"post","link":"https:\/\/norestedigital.net\/index.php\/2026\/02\/05\/edad-salud-y-estudios-severos-frenos-para-ingresar-a-maquilas\/","title":{"rendered":"Edad, salud y estudios, severos frenos para ingresar a maquilas"},"content":{"rendered":"\n<p><strong>Edad, salud y estudios, severos<\/strong> <strong>frenos para ingresar a maquilas<\/strong><\/p>\n\n\n\n<p><strong>&nbsp;&nbsp;&nbsp;&nbsp;&nbsp;&nbsp;&nbsp;&nbsp;&nbsp;&nbsp;&nbsp;&nbsp;&nbsp;&nbsp;&nbsp;&nbsp;&nbsp;&nbsp;&nbsp;&nbsp;&nbsp;&nbsp;&nbsp;&nbsp;&nbsp;&nbsp;&nbsp;&nbsp;&nbsp;&nbsp;&nbsp;&nbsp;&nbsp;&nbsp;&nbsp;&nbsp;&nbsp;&nbsp;&nbsp;&nbsp;&nbsp;&nbsp;&nbsp;&nbsp;&nbsp;&nbsp;&nbsp;Por Javier Claudio<\/strong><\/p>\n\n\n\n<p>En opini\u00f3n de algunos delegados de sindicatos, la discriminaci\u00f3n en la edad, la salud y el nivel de estudios son los factores determinantes que ha convertido en un mal cr\u00f3nico el d\u00e9ficit de m\u00e1s de dos mil trabajadores que padece el sector maquila.<\/p>\n\n\n\n<p>&nbsp;&nbsp;&nbsp;&nbsp;&nbsp;&nbsp;&nbsp;&nbsp;&nbsp;&nbsp;&nbsp;&nbsp;De acuerdo a estudios realizados por algunos sindicatos de trabajadores empresas maquiladoras de Nuevo Laredo, severos requisitos son errores para la contrataci\u00f3n y crean el \u201cvac\u00edo laboral\u201d que se padece desde hace m\u00e1s de cinco a\u00f1os.<\/p>\n\n\n\n<p>Jos\u00e9 Lu\u00eds Montes Hern\u00e1n, delegado de un sindicato, indic\u00f3 que, a fin de acotar distancias en el d\u00e9ficit laboral, se ha estado platicando con empresas manufactureras que no tienen compromiso con alg\u00fan sindicato a fin de apoyarlos en la que contrataci\u00f3n de trabajadores.<\/p>\n\n\n\n<p>&nbsp;&nbsp;&nbsp;&nbsp;&nbsp;&nbsp;&nbsp;&nbsp;&nbsp;&nbsp;&nbsp;&nbsp;Entonces, cit\u00f3 como otro tropiezo laboral la edad de contrataci\u00f3n, los que en su mayor\u00eda son personas por encima de los 35 a\u00f1os quienes hacen solicitud de ingreso en maquiladoras y se les rechaza en muchos de los casos.<\/p>\n\n\n\n<p>&nbsp;&nbsp;&nbsp;&nbsp;&nbsp;&nbsp;&nbsp;&nbsp;&nbsp;&nbsp;&nbsp;&nbsp;\u201cLos j\u00f3venes en su mayor\u00eda, s\u00f3lo solicitan su ingreso para cumplir con el requisito de alg\u00fan tipo de gesti\u00f3n, entre ellas la Visa L\u00e1ser, permanecen corto tiempo y despu\u00e9s abandonan el empleo\u201d, mencion\u00f3 como otro de los casos sobre el d\u00e9ficit de trabajadores en la maquila.<\/p>\n\n\n\n<p>Agust\u00edn Leal Ramos, representante de un sindicato local de trabajadores de maquila, expuso tambi\u00e9n que la salud es otro de los conceptos que ha sido observado como discriminatorio, debido a que aspirantes con problemas de hipertensi\u00f3n y diabetes, entre otros, son rechazados por las empresas.<\/p>\n\n\n\n<p>&nbsp;&nbsp;&nbsp;&nbsp;&nbsp;&nbsp;&nbsp;&nbsp;&nbsp;&nbsp;&nbsp;&nbsp;El nivel de estudios, tambi\u00e9n fue citado en el an\u00e1lisis como otros de los incumplimientos de los aspirantes a ingresar, debido a las limitantes mostradas por quienes aspiran a ocupar alg\u00fan puesto en maquiladoras.<\/p>\n","protected":false},"excerpt":{"rendered":"<p>Edad, salud y estudios, severos frenos para ingresar a maquilas &nbsp;&nbsp;&nbsp;&nbsp;&nbsp;&nbsp;&nbsp;&nbsp;&nbsp;&nbsp;&nbsp;&nbsp;&nbsp;&nbsp;&nbsp;&nbsp;&nbsp;&nbsp;&nbsp;&nbsp;&nbsp;&nbsp;&nbsp;&nbsp;&nbsp;&nbsp;&nbsp;&nbsp;&nbsp;&nbsp;&nbsp;&nbsp;&nbsp;&nbsp;&nbsp;&nbsp;&nbsp;&nbsp;&nbsp;&nbsp;&nbsp;&nbsp;&nbsp;&nbsp;&nbsp;&nbsp;&nbsp;Por Javier Claudio En opini\u00f3n de algunos delegados de sindicatos, la discriminaci\u00f3n en la edad, la salud y el nivel de estudios son los factores determinantes que ha convertido en un mal cr\u00f3nico el d\u00e9ficit de m\u00e1s de dos mil trabajadores que padece el sector &hellip;<\/p>\n","protected":false},"author":2,"featured_media":4144,"comment_status":"open","ping_status":"open","sticky":false,"template":"","format":"standard","meta":{"footnotes":""},"categories":[2,37],"tags":[],"class_list":["post-4147","post","type-post","status-publish","format-standard","has-post-thumbnail","","category-mun","category-nuevo-laredo"],"_links":{"self":[{"href":"https:\/\/norestedigital.net\/index.php\/wp-json\/wp\/v2\/posts\/4147","targetHints":{"allow":["GET"]}}],"collection":[{"href":"https:\/\/norestedigital.net\/index.php\/wp-json\/wp\/v2\/posts"}],"about":[{"href":"https:\/\/norestedigital.net\/index.php\/wp-json\/wp\/v2\/types\/post"}],"author":[{"embeddable":true,"href":"https:\/\/norestedigital.net\/index.php\/wp-json\/wp\/v2\/users\/2"}],"replies":[{"embeddable":true,"href":"https:\/\/norestedigital.net\/index.php\/wp-json\/wp\/v2\/comments?post=4147"}],"version-history":[{"count":1,"href":"https:\/\/norestedigital.net\/index.php\/wp-json\/wp\/v2\/posts\/4147\/revisions"}],"predecessor-version":[{"id":4148,"href":"https:\/\/norestedigital.net\/index.php\/wp-json\/wp\/v2\/posts\/4147\/revisions\/4148"}],"wp:featuredmedia":[{"embeddable":true,"href":"https:\/\/norestedigital.net\/index.php\/wp-json\/wp\/v2\/media\/4144"}],"wp:attachment":[{"href":"https:\/\/norestedigital.net\/index.php\/wp-json\/wp\/v2\/media?parent=4147"}],"wp:term":[{"taxonomy":"category","embeddable":true,"href":"https:\/\/norestedigital.net\/index.php\/wp-json\/wp\/v2\/categories?post=4147"},{"taxonomy":"post_tag","embeddable":true,"href":"https:\/\/norestedigital.net\/index.php\/wp-json\/wp\/v2\/tags?post=4147"}],"curies":[{"name":"wp","href":"https:\/\/api.w.org\/{rel}","templated":true}]}}