{"id":4400,"date":"2026-03-29T21:08:46","date_gmt":"2026-03-30T03:08:46","guid":{"rendered":"https:\/\/norestedigital.net\/?p=4400"},"modified":"2026-03-29T21:08:48","modified_gmt":"2026-03-30T03:08:48","slug":"claroscuro-el-costo-de-envejecer","status":"publish","type":"post","link":"https:\/\/norestedigital.net\/index.php\/2026\/03\/29\/claroscuro-el-costo-de-envejecer\/","title":{"rendered":"Claroscuro: El costo de envejecer"},"content":{"rendered":"\n<p>&#8230;Alejandro de Anda<\/p>\n\n\n\n<p>LO CLARO. La Universidad Aut\u00f3noma de Tamaulipas, a trav\u00e9s de su Facultad de Comercio, Administraci\u00f3n y Ciencias Sociales de Nuevo Laredo, fortaleci\u00f3 la formaci\u00f3n acad\u00e9mica de sus estudiantes de Derecho mediante una estancia en la Suprema Corte de Justicia de la Naci\u00f3n y la C\u00e1mara de Diputados de M\u00e9xico, consolidando su vinculaci\u00f3n con instituciones clave del Estado mexicano.<\/p>\n\n\n\n<p>Esta experiencia permiti\u00f3 a los universitarios conocer de primera mano los procesos legislativos y judiciales, asistir a sesiones del pleno y recorrer espacios hist\u00f3ricos, enriqueciendo su comprensi\u00f3n pr\u00e1ctica del derecho, fortaleciendo su pensamiento cr\u00edtico y su vocaci\u00f3n de servicio p\u00fablico, con beneficios que trascienden al \u00e1mbito individual al formar profesionistas mejor preparados para incidir positivamente en su comunidad y contribuir al fortalecimiento del Estado de derecho.<\/p>\n\n\n\n<p>En este contexto, destaca la participaci\u00f3n del diputado Carlos Canturosas Villarreal y del presidente del m\u00e1ximo tribunal, Hugo Aguilar Ortiz, quienes aportaron una visi\u00f3n directa sobre la relevancia institucional y el compromiso p\u00fablico que exige el ejercicio del derecho en M\u00e9xico.<\/p>\n\n\n\n<p>LO OSCURO. La longevidad ya no es m\u00e1s una excepci\u00f3n consagrada s\u00f3lo a quienes cuidaban con displicencia y una gran inversi\u00f3n en salud y buena vida y se convierte en una conquista civilizatoria que redefine la estructura misma de la sociedad.<\/p>\n\n\n\n<p>M\u00e9xico, que durante d\u00e9cadas se percibi\u00f3 como un pa\u00eds joven, vive una transici\u00f3n acelerada. Hoy existen m\u00e1s de 17 millones de personas mayores -alrededor del 12.8 % de la poblaci\u00f3n- y en apenas unos a\u00f1os la proporci\u00f3n superar\u00e1 a la de ni\u00f1os y adolescentes.<\/p>\n\n\n\n<p>La esperanza de vida, que a inicios del siglo XX apenas superaba los 30 a\u00f1os, ronda hoy entre 72 y 79 seg\u00fan sexo, mientras las proyecciones anticipan un pa\u00eds donde una de cada tres personas ser\u00e1 mayor hacia 2050. El triunfo de la medicina, de los sistemas de vacunaci\u00f3n, de los trasplantes y de la prevenci\u00f3n, abre una pregunta m\u00e1s compleja que la propia supervivencia\u2026 \u00bfc\u00f3mo sostener la vida cuando se extiende m\u00e1s all\u00e1 de lo que los sistemas econ\u00f3micos, familiares y legales fueron dise\u00f1ados para soportar?<\/p>\n\n\n\n<p>El primer reto emerge en el terreno fiscal. M\u00e1s a\u00f1os de vida implican m\u00e1s a\u00f1os de pensi\u00f3n, mayor gasto en salud cr\u00f3nica, tratamientos prolongados y dependencia funcional.<\/p>\n\n\n\n<p>En M\u00e9xico, una gran proporci\u00f3n de adultos mayores carece de seguridad social suficiente o ingresos estables, lo que incrementa la presi\u00f3n sobre el gasto p\u00fablico en un contexto donde el bono demogr\u00e1fico se agota y el n\u00famero de trabajadores por cada adulto mayor disminuye de forma constante. El modelo<\/p>\n\n\n\n<p>tradicional, basado en que las generaciones j\u00f3venes financian a las mayores, pierde equilibrio conforme la pir\u00e1mide poblacional se invierte.<\/p>\n\n\n\n<p>En ese punto aparece una tensi\u00f3n estructural. La edad de retiro se mantiene en par\u00e1metros que, aunque hist\u00f3ricamente razonables, hoy resultan desfasados frente al aumento en la esperanza de vida. Se consolida una referencia cercana a los 65 a\u00f1os como umbral de acceso a pensiones, una cifra que llega cuando el desgaste f\u00edsico y laboral ya es significativo y el margen de disfrute del retiro se percibe limitado. Alcanzar esa edad representa una meta cumplida, aunque el tiempo de descanso suele sentirse breve frente a d\u00e9cadas de contribuci\u00f3n.<\/p>\n\n\n\n<p>El segundo desaf\u00edo se instala en la esfera familiar. La estructura que sosten\u00eda el cuidado de los mayores se fragmenta por migraci\u00f3n, urbanizaci\u00f3n y cambios culturales. Alrededor del 16 % de los adultos mayores vive en condiciones de abandono o maltrato, una cifra que revela un deterioro en los v\u00ednculos de cuidado. El abandono adquiere m\u00faltiples formas, desde la negligencia emocional hasta la exclusi\u00f3n econ\u00f3mica y se convierte en un s\u00edntoma de una sociedad que envejece m\u00e1s r\u00e1pido de lo que aprende a cuidar. La carga del cuidado recae con frecuencia en entornos familiares reducidos, con recursos limitados, lo que tensiona la convivencia y expone vac\u00edos estructurales.<\/p>\n\n\n\n<p>El tercer frente es institucional. La infraestructura para el envejecimiento resulta insuficiente. Escasez de geriatras, d\u00e9ficit de cuidadores capacitados, pocas residencias especializadas. El cuidado de largo plazo, entendido como un sistema integral que combine atenci\u00f3n m\u00e9dica, asistencia social y acompa\u00f1amiento, sigue sin consolidarse como pol\u00edtica p\u00fablica estructural. La profesionalizaci\u00f3n del cuidado permanece rezagada frente a la velocidad con la que crece la poblaci\u00f3n mayor.<\/p>\n\n\n\n<p>Frente a este panorama, la legislaci\u00f3n avanza con rezagos. El envejecimiento plantea dilemas que a\u00fan carecen de marcos claros. Tutela de personas con deterioro cognitivo, regulaci\u00f3n de centros de cuidado, profesionalizaci\u00f3n de cuidadores, incentivos fiscales para el ahorro previsional. Se requiere una arquitectura legal que integre derechos, responsabilidades y financiamiento con visi\u00f3n de largo plazo. Al mismo tiempo, la discusi\u00f3n sobre la edad de retiro comienza a transformarse en un tema central de pol\u00edtica p\u00fablica.<\/p>\n\n\n\n<p>Las soluciones exigen actuar en m\u00faltiples niveles de manera simult\u00e1nea. En el \u00e1mbito gubernamental, resulta imprescindible fortalecer los sistemas de pensiones con sostenibilidad, ampliar la cobertura de salud geri\u00e1trica y crear un sistema nacional de cuidados que profesionalice y remunere el acompa\u00f1amiento. En el terreno econ\u00f3mico, fomentar el ahorro desde etapas tempranas y generar oportunidades laborales adaptadas para adultos mayores activos. En lo familiar, reconstruir v\u00ednculos de corresponsabilidad donde el cuidado deje de ser una carga silenciosa y se convierta en un compromiso consciente.<\/p>\n","protected":false},"excerpt":{"rendered":"<p>&#8230;Alejandro de Anda LO CLARO. La Universidad Aut\u00f3noma de Tamaulipas, a trav\u00e9s de su Facultad de Comercio, Administraci\u00f3n y Ciencias Sociales de Nuevo Laredo, fortaleci\u00f3 la formaci\u00f3n acad\u00e9mica de sus estudiantes de Derecho mediante una estancia en la Suprema Corte de Justicia de la Naci\u00f3n y la C\u00e1mara de Diputados de M\u00e9xico, consolidando su vinculaci\u00f3n &hellip;<\/p>\n","protected":false},"author":2,"featured_media":1182,"comment_status":"open","ping_status":"open","sticky":false,"template":"","format":"standard","meta":{"footnotes":""},"categories":[4],"tags":[],"class_list":["post-4400","post","type-post","status-publish","format-standard","has-post-thumbnail","","category-columnistas-fashion"],"_links":{"self":[{"href":"https:\/\/norestedigital.net\/index.php\/wp-json\/wp\/v2\/posts\/4400","targetHints":{"allow":["GET"]}}],"collection":[{"href":"https:\/\/norestedigital.net\/index.php\/wp-json\/wp\/v2\/posts"}],"about":[{"href":"https:\/\/norestedigital.net\/index.php\/wp-json\/wp\/v2\/types\/post"}],"author":[{"embeddable":true,"href":"https:\/\/norestedigital.net\/index.php\/wp-json\/wp\/v2\/users\/2"}],"replies":[{"embeddable":true,"href":"https:\/\/norestedigital.net\/index.php\/wp-json\/wp\/v2\/comments?post=4400"}],"version-history":[{"count":5,"href":"https:\/\/norestedigital.net\/index.php\/wp-json\/wp\/v2\/posts\/4400\/revisions"}],"predecessor-version":[{"id":9490,"href":"https:\/\/norestedigital.net\/index.php\/wp-json\/wp\/v2\/posts\/4400\/revisions\/9490"}],"wp:featuredmedia":[{"embeddable":true,"href":"https:\/\/norestedigital.net\/index.php\/wp-json\/wp\/v2\/media\/1182"}],"wp:attachment":[{"href":"https:\/\/norestedigital.net\/index.php\/wp-json\/wp\/v2\/media?parent=4400"}],"wp:term":[{"taxonomy":"category","embeddable":true,"href":"https:\/\/norestedigital.net\/index.php\/wp-json\/wp\/v2\/categories?post=4400"},{"taxonomy":"post_tag","embeddable":true,"href":"https:\/\/norestedigital.net\/index.php\/wp-json\/wp\/v2\/tags?post=4400"}],"curies":[{"name":"wp","href":"https:\/\/api.w.org\/{rel}","templated":true}]}}