{"id":4446,"date":"2026-03-30T10:45:08","date_gmt":"2026-03-30T16:45:08","guid":{"rendered":"https:\/\/norestedigital.net\/?p=4446"},"modified":"2026-03-30T11:45:25","modified_gmt":"2026-03-30T17:45:25","slug":"dialogando-hugo-avanza-rumbo-a-la-alcaldia-de-victoria","status":"publish","type":"post","link":"https:\/\/norestedigital.net\/index.php\/2026\/03\/30\/dialogando-hugo-avanza-rumbo-a-la-alcaldia-de-victoria\/","title":{"rendered":"Dialogando \/\/ Hugo AVAnza rumbo a la alcald\u00eda de Victoria"},"content":{"rendered":"\n<p><\/p>\n\n\n\n<p>*Lo ven como el favorito por MORENA<br>Por Roberto Olvera P\u00e9rez<br>Con dialogo abierto y de frente, el abogado orgullosamente victorense, Hugo Res\u00e9ndez Silva, tiene claro que la cercan\u00eda con la ciudadan\u00eda es la base para avanzar en soluciones reales.<br>As\u00ed se percibe del actual secretario del Ayuntamiento de Victoria, pues es uno de los favoritos del Movimiento de Regeneraci\u00f3n Nacional (Morena), de acuerdo a encuestas que lo ponen adelante para alcanzar la candidatura a la alcald\u00eda de la capital tamaulipeca, quien sigue recorriendo colonias, barrios y comunidades rurales para no perder el pulso de lo que vive la gente d\u00eda a d\u00eda.<br>\u00bfY qu\u00e9 es lo que hay?<br>Pues simplemente cercan\u00eda y respaldo ciudadano, es lo que hay en las reuniones que tiene Hugo Res\u00e9ndez Silva, por los diferentes rumbos que recorre en el municipio.<br>El carism\u00e1tico abogado mantiene dialogo abierto y da oportunidad a la participaci\u00f3n activa. As\u00ed que no lo pierda de vista en el futuro inmediato, pues adem\u00e1s es raza, cae bien y en estos tiempos de cambio cuenta mucho. Hugo el favorito.<br>La UAT de vacaciones de primavera<br>En cumplimiento con el calendario escolar y administrativo 2026, la Universidad Aut\u00f3noma de Tamaulipas (UAT) inici\u00f3 el periodo vacacional de primavera, reafirmando su compromiso con una gesti\u00f3n ordenada y orientada al bienestar de su comunidad universitaria.<br>Este receso comprende del 30 de marzo al 10 de abril de 2026, periodo en el que personal sindicalizado y de confianza de las dependencias administrativas, as\u00ed como docentes y estudiantes de las dependencias acad\u00e9micas har\u00e1n una pausa en sus actividades, reanudando labores el lunes 13 de abril del presente a\u00f1o.<br>En este contexto, la administraci\u00f3n rectoral, encabezada por D\u00e1maso Anaya Alvarado, ha informado sobre las disposiciones oficiales, destacando la oportunidad que representa para toda la comunidad universitaria este receso.<br>Para ello, se da cumplimiento tambi\u00e9n a los acuerdos de contrato colectivo laboral de la rector\u00eda con los sindicatos universitarios, estableciendo esta temporada vacacional en el calendario escolar y administrativo de la UAT.<br>Cabe destacar que luego del receso, el periodo de clases Primavera 2026 continuar\u00e1 su curso normal y, de acuerdo con lo programado en el calendario, concluir\u00e1 el pr\u00f3ximo 22 de mayo, dando paso al periodo de clases de verano que iniciar\u00e1 en el mes de junio.<br>De manera paralela, la UAT mantiene activo su proceso de registro de aspirantes a nuevo ingreso para el periodo escolar 2026-3 (Oto\u00f1o 2026), cuyo sistema permanecer\u00e1 abierto hasta el 12 de junio.<br>El examen de admisi\u00f3n EXANI II se aplicar\u00e1 el 25 de junio, mientras que los resultados ser\u00e1n publicados el 3 de agosto, previo al ciclo de inscripci\u00f3n e inicio de clases en agosto del presente a\u00f1o.<br>La UAT invita a su comunidad a mantenerse atenta a los medios oficiales y a fortalecer la comunicaci\u00f3n con sus respectivas dependencias acad\u00e9micas, como parte de una cultura institucional basada en la responsabilidad, la unidad y el sentido de pertenencia.<br>NOTAS CORTAS<br>1.- Cuatro secretarios de gabinete en \u201cDi\u00e1logos con Am\u00e9rico\u201d. Silvia Casas Gonz\u00e1lez, Ninfa Cant\u00fa De\u00e1ndar, Carlos Pancardo Escudero e Ir\u00e1n Ram\u00edrez Gonz\u00e1lez, de Bienestar Social, Desarrollo Econ\u00f3mico, Seguridad y Finanzas, respectivamente, presentaron un balance de lo que se vio detalladamente en el Cuarto Informe de Gobierno traducido en hechos y realidades. Esto dentro del programa \u201cDi\u00e1logos con Am\u00e9rico\u201d que se trasmite por la Nueva Radio Tamaulipas, destacando avances en pobreza, crecimiento econ\u00f3mico, seguridad y finanzas p\u00fablicas sanas.<br>2.- Una actividad popular sanamente familiar con motivo de celebrar 58 a\u00f1os de historia, se realiz\u00f3 el pasado s\u00e1bado por la noche all\u00e1 en el municipio m\u00e1s joven de Tamaulipas, D\u00edaz Ordaz, encabezado por su alcaldesa Nataly Garc\u00eda D\u00edaz, quien dijo: no solo fue un rotundo \u00e9xito en asistencia, tambi\u00e9n en derrama econ\u00f3mica para nuestro municipio, beneficiando as\u00ed a comerciantes, emprendedores y prestadores de servicios locales, por lo que, en este municipio seguimos generando eventos que fortalecen la convivencia y el desarrollo econ\u00f3mico de nuestra comunidad, agreg\u00f3.<br>3.- Qu\u00e9date en Victoria y no te arrepentir\u00e1s, pues hoy lunes 30 de marzo es la muy esperada inauguraci\u00f3n del \u201cSan Marcazo 2026\u201d y abre cancha con todo, el popular alcalde Lalo Gatt\u00e1s junto a su esposa, la se\u00f1ora Lucy de Gatt\u00e1s. As\u00ed que se viene lo bueno y a bailar todos de cartoncito. La fiesta corre hoy y se abre el tel\u00f3n a las m\u00e1rgenes del \u201cSan Marcazo 2026\u201d. Ser\u00e1 inolvidable y es a partir de este lunes 30 de marzo al domingo 5 de abril. Se va a vivir una celebraci\u00f3n pensada para todas las edades, con m\u00fasica, convivencia y un gran ambiente familiar, dijo el edil.<br>Por lo que, los invito a disfrutar juntos estos d\u00edas, a compartir en familia y a seguir haciendo de Victoria un lugar lleno de alegr\u00eda. \u00a1Nos vemos en el San Marcazo!, agreg\u00f3.<br>4.- Una de sociales:<br>Desde este espacio de su preferida columna (Dialogando), le deseamos los mejores parabienes con motivo de su cumplea\u00f1os este d\u00eda 30 de marzo al titular de la SET, Miguel \u00c1ngel Valdez Garc\u00eda, por lo que, que vengan 100 a\u00f1os m\u00e1s de vida para que los disfrute a lado de los suyos y reconocemos su compromiso y liderazgo en esta tarea, que fortalece d\u00eda a d\u00eda una educaci\u00f3n de calidad, inclusiva, humanista y transformadora para todas y todos. Enhorabuena mi secretario.<br>Por hoy es todo, en la pr\u00f3xima seguiremos dialogando del acontecer pol\u00edtico tamaulipeco.<\/p>\n","protected":false},"excerpt":{"rendered":"<p>*Lo ven como el favorito por MORENAPor Roberto Olvera P\u00e9rezCon dialogo abierto y de frente, el abogado orgullosamente victorense, Hugo Res\u00e9ndez Silva, tiene claro que la cercan\u00eda con la ciudadan\u00eda es la base para avanzar en soluciones reales.As\u00ed se percibe del actual secretario del Ayuntamiento de Victoria, pues es uno de los favoritos del Movimiento &hellip;<\/p>\n","protected":false},"author":2,"featured_media":9534,"comment_status":"open","ping_status":"open","sticky":false,"template":"","format":"standard","meta":{"footnotes":""},"categories":[48,62],"tags":[],"class_list":["post-4446","post","type-post","status-publish","format-standard","has-post-thumbnail","","category-cd-victoria","category-portada"],"_links":{"self":[{"href":"https:\/\/norestedigital.net\/index.php\/wp-json\/wp\/v2\/posts\/4446","targetHints":{"allow":["GET"]}}],"collection":[{"href":"https:\/\/norestedigital.net\/index.php\/wp-json\/wp\/v2\/posts"}],"about":[{"href":"https:\/\/norestedigital.net\/index.php\/wp-json\/wp\/v2\/types\/post"}],"author":[{"embeddable":true,"href":"https:\/\/norestedigital.net\/index.php\/wp-json\/wp\/v2\/users\/2"}],"replies":[{"embeddable":true,"href":"https:\/\/norestedigital.net\/index.php\/wp-json\/wp\/v2\/comments?post=4446"}],"version-history":[{"count":2,"href":"https:\/\/norestedigital.net\/index.php\/wp-json\/wp\/v2\/posts\/4446\/revisions"}],"predecessor-version":[{"id":9535,"href":"https:\/\/norestedigital.net\/index.php\/wp-json\/wp\/v2\/posts\/4446\/revisions\/9535"}],"wp:featuredmedia":[{"embeddable":true,"href":"https:\/\/norestedigital.net\/index.php\/wp-json\/wp\/v2\/media\/9534"}],"wp:attachment":[{"href":"https:\/\/norestedigital.net\/index.php\/wp-json\/wp\/v2\/media?parent=4446"}],"wp:term":[{"taxonomy":"category","embeddable":true,"href":"https:\/\/norestedigital.net\/index.php\/wp-json\/wp\/v2\/categories?post=4446"},{"taxonomy":"post_tag","embeddable":true,"href":"https:\/\/norestedigital.net\/index.php\/wp-json\/wp\/v2\/tags?post=4446"}],"curies":[{"name":"wp","href":"https:\/\/api.w.org\/{rel}","templated":true}]}}