{"id":4565,"date":"2026-02-10T15:53:03","date_gmt":"2026-02-10T21:53:03","guid":{"rendered":"https:\/\/norestedigital.net\/?p=4565"},"modified":"2026-02-10T15:53:07","modified_gmt":"2026-02-10T21:53:07","slug":"en-estado-de-mexico-presidenta-sheinbaum-encabeza-111-aniversario-de-la-fuerza-aerea-mexicana","status":"publish","type":"post","link":"https:\/\/norestedigital.net\/index.php\/2026\/02\/10\/en-estado-de-mexico-presidenta-sheinbaum-encabeza-111-aniversario-de-la-fuerza-aerea-mexicana\/","title":{"rendered":"En Estado de M\u00e9xico, presidenta Sheinbaum encabeza 111 Aniversario de la Fuerza A\u00e9rea Mexicana"},"content":{"rendered":"\n<p>En Zumpango, Estado de M\u00e9xico, la presidenta Claudia Sheinbaum Pardo conmemor\u00f3 el&nbsp;<strong>111 Aniversario de la Fuerza A\u00e9rea Mexicana (FAM)<\/strong>. Expres\u00f3 que la instituci\u00f3n encarna el esp\u00edritu hist\u00f3rico de servicio, entrega y compromiso con la gente y la naci\u00f3n.<\/p>\n\n\n\n<p>\u201cLes reconocemos, les admiramos y, en nombre del pueblo de M\u00e9xico, les agradecemos.\u201d<\/p>\n\n\n\n<p>Indic\u00f3 que la FAM asume una misi\u00f3n que va mucho m\u00e1s all\u00e1 de la defensa militar: el servicio al pueblo en momentos de necesidad y la protecci\u00f3n de la soberan\u00eda nacional, al tiempo que honra la historia que nos da identidad.<\/p>\n\n\n\n<p><strong>\u201cSus aeronaves han cruzado monta\u00f1as, selvas, desiertos y mares para llevar auxilio a comunidades y participar en operaciones de rescate.\u201d<\/strong><\/p>\n\n\n\n<p>Ante cadetes y tropa, se\u00f1al\u00f3 que la Fuerza A\u00e9rea Mexicana se origin\u00f3 en plena transformaci\u00f3n revolucionaria a partir del decreto aprobado por el presidente Venustiano Carranza en 1915.<\/p>\n\n\n\n<figure class=\"wp-block-embed is-type-video is-provider-youtube wp-block-embed-youtube wp-embed-aspect-16-9 wp-has-aspect-ratio\"><div class=\"wp-block-embed__wrapper\">\n<iframe loading=\"lazy\" title=\"111 Aniversario de la Fuerza A\u00e9rea Mexicana. Zumpango, Estado de M\u00e9xico\" width=\"618\" height=\"348\" src=\"https:\/\/www.youtube.com\/embed\/j7U6J19RBCk?feature=oembed\" frameborder=\"0\" allow=\"accelerometer; autoplay; clipboard-write; encrypted-media; gyroscope; picture-in-picture; web-share\" referrerpolicy=\"strict-origin-when-cross-origin\" allowfullscreen><\/iframe>\n<\/div><\/figure>\n\n\n\n<p>\u201cVolaban aeronaves rudimentarias, enfrentaban condiciones extremas y asum\u00edan riesgos enormes, conscientes de que estaban abriendo camino para una nueva etapa de la defensa nacional.\u201d<\/p>\n\n\n\n<p>Desde entonces, dijo, la Fuerza A\u00e9rea Mexicana ha evolucionado de manera constante; hoy acompa\u00f1a la consolidaci\u00f3n de nuestro pa\u00eds y fortalece sus capacidades t\u00e9cnicas y humanas.<\/p>\n\n\n\n<p>Subray\u00f3 que esta instituci\u00f3n ha sido protagonista de innumerables acciones a favor del pa\u00eds.<\/p>\n\n\n\n<p>\u201cPara muchas comunidades, ver a la FAM descender en medio de la emergencia significa una sola cosa: no estamos solos.<\/p>\n\n\n\n<p><strong>\u201cQue la Fuerza A\u00e9rea Mexicana siga volando alto, llevando auxilio donde hay necesidad, esperanza donde hay dificultad y orgullo nacional a cada rinc\u00f3n del pa\u00eds.\u201d<\/strong><\/p>\n\n\n\n<p>La presidenta Sheinbaum resalt\u00f3 el v\u00ednculo esencial entre las Fuerzas Armadas y el pueblo en el marco de la democracia.<\/p>\n\n\n\n<p>Al mencionar que febrero condensa una parte de la memoria profunda de la naci\u00f3n, la jefa del Ejecutivo federal reafirm\u00f3 que M\u00e9xico se reconoce a s\u00ed mismo a trav\u00e9s de su pueblo, historia, lucha y s\u00edmbolos, como el&nbsp;<strong>D\u00eda de la Constituci\u00f3n<\/strong>, la&nbsp;<strong>Marcha de la Lealtad<\/strong>, el&nbsp;<strong>D\u00eda del Ej\u00e9rcito Mexicano<\/strong>&nbsp;y el&nbsp;<strong>D\u00eda de la Bandera Nacional.<\/strong><\/p>\n\n\n\n<p>\u201cEstas fechas de febrero nos hablan de una naci\u00f3n forjada por un pueblo tenaz que no se resigna, que defiende sus derechos, que cuida sus s\u00edmbolos y que construye siempre esperanza.\u201d<\/p>\n\n\n\n<p>Acompa\u00f1aron a la presidenta Sheinbaum: la gobernadora del Estado de M\u00e9xico, Delfina G\u00f3mez \u00c1lvarez, as\u00ed como integrantes del Gabinete Legal y Ampliado.<\/p>\n\n\n\n<p>Asimismo, las titulares de las Mesas Directivas de la C\u00e1mara de Senadores, Laura Itzel Castillo Ju\u00e1rez, y C\u00e1mara de Diputados, Kenia L\u00f3pez Rabad\u00e1n; la fiscal general de la Rep\u00fablica, Ernestina Godoy Ramos; y el presidente de la Suprema Corte de Justicia de la Naci\u00f3n (SCJN), Hugo Aguilar Ortiz.<\/p>\n\n\n\n<p>Igualmente, miembros de los poderes Legislativo y Judicial, as\u00ed como mandos de las Fuerzas Armadas, autoridades estatales y municipales del Estado de M\u00e9xico.<\/p>\n","protected":false},"excerpt":{"rendered":"<p>En Zumpango, Estado de M\u00e9xico, la presidenta Claudia Sheinbaum Pardo conmemor\u00f3 el&nbsp;111 Aniversario de la Fuerza A\u00e9rea Mexicana (FAM). Expres\u00f3 que la instituci\u00f3n encarna el esp\u00edritu hist\u00f3rico de servicio, entrega y compromiso con la gente y la naci\u00f3n. \u201cLes reconocemos, les admiramos y, en nombre del pueblo de M\u00e9xico, les agradecemos.\u201d Indic\u00f3 que la FAM &hellip;<\/p>\n","protected":false},"author":2,"featured_media":4567,"comment_status":"open","ping_status":"open","sticky":false,"template":"","format":"standard","meta":{"footnotes":""},"categories":[65],"tags":[],"class_list":["post-4565","post","type-post","status-publish","format-standard","has-post-thumbnail","","category-mexico"],"_links":{"self":[{"href":"https:\/\/norestedigital.net\/index.php\/wp-json\/wp\/v2\/posts\/4565","targetHints":{"allow":["GET"]}}],"collection":[{"href":"https:\/\/norestedigital.net\/index.php\/wp-json\/wp\/v2\/posts"}],"about":[{"href":"https:\/\/norestedigital.net\/index.php\/wp-json\/wp\/v2\/types\/post"}],"author":[{"embeddable":true,"href":"https:\/\/norestedigital.net\/index.php\/wp-json\/wp\/v2\/users\/2"}],"replies":[{"embeddable":true,"href":"https:\/\/norestedigital.net\/index.php\/wp-json\/wp\/v2\/comments?post=4565"}],"version-history":[{"count":1,"href":"https:\/\/norestedigital.net\/index.php\/wp-json\/wp\/v2\/posts\/4565\/revisions"}],"predecessor-version":[{"id":4568,"href":"https:\/\/norestedigital.net\/index.php\/wp-json\/wp\/v2\/posts\/4565\/revisions\/4568"}],"wp:featuredmedia":[{"embeddable":true,"href":"https:\/\/norestedigital.net\/index.php\/wp-json\/wp\/v2\/media\/4567"}],"wp:attachment":[{"href":"https:\/\/norestedigital.net\/index.php\/wp-json\/wp\/v2\/media?parent=4565"}],"wp:term":[{"taxonomy":"category","embeddable":true,"href":"https:\/\/norestedigital.net\/index.php\/wp-json\/wp\/v2\/categories?post=4565"},{"taxonomy":"post_tag","embeddable":true,"href":"https:\/\/norestedigital.net\/index.php\/wp-json\/wp\/v2\/tags?post=4565"}],"curies":[{"name":"wp","href":"https:\/\/api.w.org\/{rel}","templated":true}]}}