{"id":4802,"date":"2026-03-14T23:01:01","date_gmt":"2026-03-15T05:01:01","guid":{"rendered":"https:\/\/norestedigital.net\/?p=4802"},"modified":"2026-03-14T23:01:05","modified_gmt":"2026-03-15T05:01:05","slug":"ciudad-madero-prepara-108-matrimonios-colectivos-antes-de-la-primavera","status":"publish","type":"post","link":"https:\/\/norestedigital.net\/index.php\/2026\/03\/14\/ciudad-madero-prepara-108-matrimonios-colectivos-antes-de-la-primavera\/","title":{"rendered":"Ciudad Madero prepara 108 matrimonios colectivos antes de la primavera"},"content":{"rendered":"\n<p><\/p>\n\n\n\n<p>Por Agustin Pe\u00f1a Cruz <br>Ciudad Madero, Tamps.- La presidenta del Sistema para el Desarrollo Integral de la Familia en Ciudad Madero, Dunia Maron Maron, confirm\u00f3 la realizaci\u00f3n de una ceremonia de matrimonios colectivos que reunir\u00e1 a 108 parejas el pr\u00f3ximo 19 de marzo, un evento que, seg\u00fan explic\u00f3, refleja no solo el inter\u00e9s ciudadano por formalizar sus relaciones, sino tambi\u00e9n el papel institucional de las pol\u00edticas sociales orientadas a brindar certeza jur\u00eddica a las familias.<br>La ceremonia se llevar\u00e1 a cabo al mediod\u00eda en el sal\u00f3n Constanza, donde parejas de distintas edades y trayectorias personales formalizar\u00e1n su uni\u00f3n civil ante autoridades locales. La iniciativa, impulsada por el DIF municipal, forma parte de los programas sociales que buscan fortalecer la estructura familiar mediante el acceso a mecanismos legales que garanticen derechos y obligaciones.<br>\u201cEstamos muy contentos porque la verdad es que ha sido todo un \u00e9xito\u201d, afirm\u00f3 Maron Maron al referirse a la convocatoria, que inicialmente gener\u00f3 dudas entre los organizadores debido al contexto social actual, donde cada vez m\u00e1s parejas optan por convivir sin formalizar su relaci\u00f3n ante el Estado. Sin embargo, la respuesta super\u00f3 las expectativas.<br>\u201cAl principio nos pregunt\u00e1bamos si la gente iba a querer participar, pero terminamos con un gran n\u00famero de parejas que se quieren casar\u201d, se\u00f1al\u00f3.<br>La funcionaria explic\u00f3 que el registro de participantes ya fue cerrado para mantener un n\u00famero definitivo que permita organizar la ceremonia con orden y solemnidad. \u201cYa dimos el corte para tener el n\u00famero fijo y preparar una ceremonia muy linda\u201d, dijo.<br>El evento no se limita a parejas j\u00f3venes. De acuerdo con Maron Maron, el grupo de participantes refleja una amplia diversidad generacional, lo que confirma que la decisi\u00f3n de contraer matrimonio no responde \u00fanicamente a etapas tempranas de la vida, sino tambi\u00e9n a procesos de consolidaci\u00f3n personal y familiar.<br>\u201cHay parejas de todas las edades\u201d, explic\u00f3. \u201cMuchos de ellos ya viv\u00edan en uni\u00f3n libre; algunos incluso tienen hijos y buscan darle certeza a su relaci\u00f3n\u201d.<br>En ese sentido, la ceremonia adquiere un hecho que trasciende lo simb\u00f3lico. En M\u00e9xico, el matrimonio civil no solo formaliza una relaci\u00f3n afectiva, sino que establece derechos legales vinculados con la filiaci\u00f3n, la seguridad social, la herencia y la protecci\u00f3n patrimonial, aspectos que resultan particularmente relevantes para familias que han convivido durante a\u00f1os sin contar con un v\u00ednculo jur\u00eddico.<br>La convocatoria tambi\u00e9n tuvo un car\u00e1cter incluyente. Entre las parejas registradas se encuentra al menos una uni\u00f3n del mismo sexo, un hecho que, aunque minoritario dentro del total, refleja la apertura institucional hacia la diversidad familiar.<br>\u201cPor supuesto que tambi\u00e9n participan\u201d, afirm\u00f3 Maron Maron cuando se le pregunt\u00f3 sobre la presencia de parejas homosexuales. \u201cTenemos una pareja\u201d.<br>La inclusi\u00f3n de estas uniones ocurre en un contexto en el que el matrimonio igualitario ya forma parte del marco legal en diversas entidades del pa\u00eds, consolidando un proceso de transformaci\u00f3n jur\u00eddica y social que ha redefinido la noci\u00f3n tradicional de familia.<br>Desde la perspectiva del DIF municipal, el objetivo central del programa es ofrecer condiciones que faciliten el acceso al matrimonio civil, especialmente para parejas que por motivos econ\u00f3micos o administrativos no han podido realizar el tr\u00e1mite de forma individual.<br>En este caso, la ceremonia colectiva elimina diversos costos y simplifica procedimientos, lo que convierte la iniciativa en una herramienta de pol\u00edtica social orientada a la regularizaci\u00f3n jur\u00eddica de las familias.<br>La elecci\u00f3n de la fecha tampoco es casual. El evento se celebrar\u00e1 en la antesala de la primavera, una estaci\u00f3n que culturalmente se asocia con el renacimiento y los nuevos comienzos. Para la presidenta del DIF, ese simbolismo coincide con el esp\u00edritu del encuentro.<br>\u201cVamos a estar muy contentos viendo mucho amor\u201d, expres\u00f3.<br>En una entidad donde las din\u00e1micas familiares han cambiado con rapidez \u2014impulsadas por factores econ\u00f3micos, migratorios y culturales\u2014, la persistencia del matrimonio como aspiraci\u00f3n institucional revela la coexistencia de tradiciones arraigadas y nuevas formas de convivencia.<br>La ceremonia del 19 de marzo se perfila, en ese contexto, como una escena singular: 108 historias personales convergiendo en un mismo acto p\u00fablico que transforma relaciones privadas en v\u00ednculos jur\u00eddicos reconocidos por el Estado.<br>Para las autoridades municipales, el evento representa tambi\u00e9n un mensaje pol\u00edtico y social: pese a los cambios en las estructuras familiares contempor\u00e1neas, el matrimonio contin\u00faa siendo, para muchas personas, una v\u00eda para consolidar proyectos de vida compartidos y garantizar estabilidad para sus hijos.<br>\u201cEstamos muy contentos\u201d, reiter\u00f3 Maron Maron, sintetizando el \u00e1nimo institucional frente a una convocatoria que termin\u00f3 por convertirse en una celebraci\u00f3n colectiva.<\/p>\n","protected":false},"excerpt":{"rendered":"<p>Por Agustin Pe\u00f1a Cruz Ciudad Madero, Tamps.- La presidenta del Sistema para el Desarrollo Integral de la Familia en Ciudad Madero, Dunia Maron Maron, confirm\u00f3 la realizaci\u00f3n de una ceremonia de matrimonios colectivos que reunir\u00e1 a 108 parejas el pr\u00f3ximo 19 de marzo, un evento que, seg\u00fan explic\u00f3, refleja no solo el inter\u00e9s ciudadano por &hellip;<\/p>\n","protected":false},"author":2,"featured_media":8333,"comment_status":"open","ping_status":"open","sticky":false,"template":"","format":"standard","meta":{"footnotes":""},"categories":[61,62],"tags":[],"class_list":["post-4802","post","type-post","status-publish","format-standard","has-post-thumbnail","","category-madero","category-portada"],"_links":{"self":[{"href":"https:\/\/norestedigital.net\/index.php\/wp-json\/wp\/v2\/posts\/4802","targetHints":{"allow":["GET"]}}],"collection":[{"href":"https:\/\/norestedigital.net\/index.php\/wp-json\/wp\/v2\/posts"}],"about":[{"href":"https:\/\/norestedigital.net\/index.php\/wp-json\/wp\/v2\/types\/post"}],"author":[{"embeddable":true,"href":"https:\/\/norestedigital.net\/index.php\/wp-json\/wp\/v2\/users\/2"}],"replies":[{"embeddable":true,"href":"https:\/\/norestedigital.net\/index.php\/wp-json\/wp\/v2\/comments?post=4802"}],"version-history":[{"count":2,"href":"https:\/\/norestedigital.net\/index.php\/wp-json\/wp\/v2\/posts\/4802\/revisions"}],"predecessor-version":[{"id":8334,"href":"https:\/\/norestedigital.net\/index.php\/wp-json\/wp\/v2\/posts\/4802\/revisions\/8334"}],"wp:featuredmedia":[{"embeddable":true,"href":"https:\/\/norestedigital.net\/index.php\/wp-json\/wp\/v2\/media\/8333"}],"wp:attachment":[{"href":"https:\/\/norestedigital.net\/index.php\/wp-json\/wp\/v2\/media?parent=4802"}],"wp:term":[{"taxonomy":"category","embeddable":true,"href":"https:\/\/norestedigital.net\/index.php\/wp-json\/wp\/v2\/categories?post=4802"},{"taxonomy":"post_tag","embeddable":true,"href":"https:\/\/norestedigital.net\/index.php\/wp-json\/wp\/v2\/tags?post=4802"}],"curies":[{"name":"wp","href":"https:\/\/api.w.org\/{rel}","templated":true}]}}