{"id":5093,"date":"2026-02-16T11:07:46","date_gmt":"2026-02-16T17:07:46","guid":{"rendered":"https:\/\/norestedigital.net\/?p=5093"},"modified":"2026-02-16T11:07:50","modified_gmt":"2026-02-16T17:07:50","slug":"invita-dif-tamaulipas-a-la-jornada-medica-megamissions-para-las-familias-de-victoria","status":"publish","type":"post","link":"https:\/\/norestedigital.net\/index.php\/2026\/02\/16\/invita-dif-tamaulipas-a-la-jornada-medica-megamissions-para-las-familias-de-victoria\/","title":{"rendered":"Invita DIF Tamaulipas a la jornada m\u00e9dica \u201cMegamissions\u201d para las familias de Victoria"},"content":{"rendered":"\n<p>Febrero 16 de 2025<\/p>\n\n\n\n<p>Ciudad Victoria, Tamaulipas.\u2013 Con el compromiso de acercar servicios de salud accesibles y de calidad a cada persona, grupo o poblaci\u00f3n de atenci\u00f3n prioritaria, el Sistema DIF Tamaulipas, que preside la doctora Mar\u00eda de Villarreal, en coordinaci\u00f3n con el Club Rotario Victoria de Escand\u00f3n Asociaci\u00f3n Civil, llevar\u00e1 a cabo la jornada m\u00e9dica \u201cMegamissions\u201d los d\u00edas 17 y 18 de febrero en Ciudad Victoria.<\/p>\n\n\n\n<p>Durante esta jornada, se ofrecer\u00e1n de manera gratuita servicios como consulta m\u00e9dica general, procedimientos quir\u00fargicos menores, entre ellos retiro de verrugas, mezquinos y lunares, as\u00ed como atenci\u00f3n odontol\u00f3gica, entre otros apoyos enfocados en el cuidado integral de la salud.<\/p>\n\n\n\n<p>La atenci\u00f3n se brindar\u00e1 en las instalaciones del Sistema DIF Tamaulipas, ubicadas en la Calzada Gral. Luis Caballero #297, en un horario de 8:00 de la ma\u00f1ana a 4:00 de la tarde el 17 de febrero, y de 8:00 de la ma\u00f1ana a 1:00 de la tarde el 18 de febrero.<\/p>\n\n\n\n<p>Las personas interesadas deber\u00e1n presentar identificaci\u00f3n oficial (INE); en el caso de menores de edad, ser\u00e1 necesario mostrar la CURP como documento de identificaci\u00f3n.<\/p>\n\n\n\n<p>Con estas acciones conjuntas, el DIF Tamaulipas y el Club Rotario suman voluntades para cuidar la salud de las familias victorenses, garantizando atenci\u00f3n profesional, cercana y oportuna, fortaleciendo el bienestar comunitario.<\/p>\n\n\n\n<figure class=\"wp-block-image\"><a href=\"https:\/\/www.tamaulipas.gob.mx\/wp-content\/uploads\/2026\/02\/DIF-015-2026.-Invita-DIF-Tamaulipas-a-la-jornada-medica-Megamissions-para-las-familias-de-Victoria-1.jpeg\"><img decoding=\"async\" src=\"https:\/\/www.tamaulipas.gob.mx\/wp-content\/uploads\/2026\/02\/DIF-015-2026.-Invita-DIF-Tamaulipas-a-la-jornada-medica-Megamissions-para-las-familias-de-Victoria-1-850x500.jpeg\" alt=\"\"\/><\/a><\/figure>\n\n\n\n<figure class=\"wp-block-image\"><a href=\"https:\/\/www.tamaulipas.gob.mx\/wp-content\/uploads\/2026\/02\/DIF-015-2026.-Invita-DIF-Tamaulipas-a-la-jornada-medica-Megamissions-para-las-familias-de-Victoria-2.jpeg\"><img decoding=\"async\" src=\"https:\/\/www.tamaulipas.gob.mx\/wp-content\/uploads\/2026\/02\/DIF-015-2026.-Invita-DIF-Tamaulipas-a-la-jornada-medica-Megamissions-para-las-familias-de-Victoria-2-850x500.jpeg\" alt=\"\"\/><\/a><\/figure>\n","protected":false},"excerpt":{"rendered":"<p>Febrero 16 de 2025 Ciudad Victoria, Tamaulipas.\u2013 Con el compromiso de acercar servicios de salud accesibles y de calidad a cada persona, grupo o poblaci\u00f3n de atenci\u00f3n prioritaria, el Sistema DIF Tamaulipas, que preside la doctora Mar\u00eda de Villarreal, en coordinaci\u00f3n con el Club Rotario Victoria de Escand\u00f3n Asociaci\u00f3n Civil, llevar\u00e1 a cabo la jornada &hellip;<\/p>\n","protected":false},"author":2,"featured_media":5095,"comment_status":"open","ping_status":"open","sticky":false,"template":"","format":"standard","meta":{"footnotes":""},"categories":[47,10],"tags":[],"class_list":["post-5093","post","type-post","status-publish","format-standard","has-post-thumbnail","","category-dif-tamaulipas","category-tam"],"_links":{"self":[{"href":"https:\/\/norestedigital.net\/index.php\/wp-json\/wp\/v2\/posts\/5093","targetHints":{"allow":["GET"]}}],"collection":[{"href":"https:\/\/norestedigital.net\/index.php\/wp-json\/wp\/v2\/posts"}],"about":[{"href":"https:\/\/norestedigital.net\/index.php\/wp-json\/wp\/v2\/types\/post"}],"author":[{"embeddable":true,"href":"https:\/\/norestedigital.net\/index.php\/wp-json\/wp\/v2\/users\/2"}],"replies":[{"embeddable":true,"href":"https:\/\/norestedigital.net\/index.php\/wp-json\/wp\/v2\/comments?post=5093"}],"version-history":[{"count":1,"href":"https:\/\/norestedigital.net\/index.php\/wp-json\/wp\/v2\/posts\/5093\/revisions"}],"predecessor-version":[{"id":5096,"href":"https:\/\/norestedigital.net\/index.php\/wp-json\/wp\/v2\/posts\/5093\/revisions\/5096"}],"wp:featuredmedia":[{"embeddable":true,"href":"https:\/\/norestedigital.net\/index.php\/wp-json\/wp\/v2\/media\/5095"}],"wp:attachment":[{"href":"https:\/\/norestedigital.net\/index.php\/wp-json\/wp\/v2\/media?parent=5093"}],"wp:term":[{"taxonomy":"category","embeddable":true,"href":"https:\/\/norestedigital.net\/index.php\/wp-json\/wp\/v2\/categories?post=5093"},{"taxonomy":"post_tag","embeddable":true,"href":"https:\/\/norestedigital.net\/index.php\/wp-json\/wp\/v2\/tags?post=5093"}],"curies":[{"name":"wp","href":"https:\/\/api.w.org\/{rel}","templated":true}]}}