{"id":5393,"date":"2026-02-18T22:08:00","date_gmt":"2026-02-19T04:08:00","guid":{"rendered":"https:\/\/norestedigital.net\/?p=5393"},"modified":"2026-02-19T08:13:21","modified_gmt":"2026-02-19T14:13:21","slug":"respalda-semar-desarrollo-del-puerto-del-norte-en-matamoros","status":"publish","type":"post","link":"https:\/\/norestedigital.net\/index.php\/2026\/02\/18\/respalda-semar-desarrollo-del-puerto-del-norte-en-matamoros\/","title":{"rendered":"Respalda SEMAR desarrollo del Puerto del Norte en Matamoros"},"content":{"rendered":"\n<p>Febrero 18 de 2026<\/p>\n\n\n\n<p>Ciudad de M\u00e9xico.\u2014 El desarrollo del Puerto del Norte, en Matamoros, es una prioridad nacional y seguir\u00e1 contando con todo el respaldo de la Secretar\u00eda de Marina para consolidar la transformaci\u00f3n de este proyecto estrat\u00e9gico, acordaron el gobernador de Tamaulipas, Am\u00e9rico Villarreal Anaya, y el almirante Raymundo Pedro Morales \u00c1ngeles.<\/p>\n\n\n\n<p>Durante una reuni\u00f3n de trabajo con el mandatario tamaulipeco, el titular de SEMAR reconoci\u00f3 que la dependencia a su cargo seguir\u00e1 trabajando tambi\u00e9n en las tareas de dragado del Puerto del Norte y respaldar\u00e1 la obra ferroviaria que se tiene prevista para contribuir al desarrollo de las operaciones portuarias.<\/p>\n\n\n\n<p>El ejecutivo estatal destac\u00f3 que el Puerto de Matamoros ha recibido ya las primeras embarcaciones y que se llevan a cabo nuevas acciones de infraestructura, lo que permite a Tamaulipas contar con el tercer puerto de altura, adem\u00e1s de Tampico y Altamira, y convertirse en una puerta m\u00e1s segura y eficiente al comercio exterior mexicano y en la primera frontera mar\u00edtima del pa\u00eds.<\/p>\n\n\n\n<figure class=\"wp-block-image\"><a href=\"https:\/\/www.tamaulipas.gob.mx\/wp-content\/uploads\/2026\/02\/039-2026.-Respalda-SEMAR-desarrollo-del-Puerto-del-Norte-en-Matamoros-1.jpeg\"><img decoding=\"async\" src=\"https:\/\/www.tamaulipas.gob.mx\/wp-content\/uploads\/2026\/02\/039-2026.-Respalda-SEMAR-desarrollo-del-Puerto-del-Norte-en-Matamoros-1-850x500.jpeg\" alt=\"\"\/><\/a><\/figure>\n","protected":false},"excerpt":{"rendered":"<p>Febrero 18 de 2026 Ciudad de M\u00e9xico.\u2014 El desarrollo del Puerto del Norte, en Matamoros, es una prioridad nacional y seguir\u00e1 contando con todo el respaldo de la Secretar\u00eda de Marina para consolidar la transformaci\u00f3n de este proyecto estrat\u00e9gico, acordaron el gobernador de Tamaulipas, Am\u00e9rico Villarreal Anaya, y el almirante Raymundo Pedro Morales \u00c1ngeles. Durante &hellip;<\/p>\n","protected":false},"author":2,"featured_media":5394,"comment_status":"open","ping_status":"open","sticky":false,"template":"","format":"standard","meta":{"footnotes":""},"categories":[49,62,10],"tags":[],"class_list":["post-5393","post","type-post","status-publish","format-standard","has-post-thumbnail","","category-gobierno-de-tamaulipas","category-portada","category-tam"],"_links":{"self":[{"href":"https:\/\/norestedigital.net\/index.php\/wp-json\/wp\/v2\/posts\/5393","targetHints":{"allow":["GET"]}}],"collection":[{"href":"https:\/\/norestedigital.net\/index.php\/wp-json\/wp\/v2\/posts"}],"about":[{"href":"https:\/\/norestedigital.net\/index.php\/wp-json\/wp\/v2\/types\/post"}],"author":[{"embeddable":true,"href":"https:\/\/norestedigital.net\/index.php\/wp-json\/wp\/v2\/users\/2"}],"replies":[{"embeddable":true,"href":"https:\/\/norestedigital.net\/index.php\/wp-json\/wp\/v2\/comments?post=5393"}],"version-history":[{"count":1,"href":"https:\/\/norestedigital.net\/index.php\/wp-json\/wp\/v2\/posts\/5393\/revisions"}],"predecessor-version":[{"id":5395,"href":"https:\/\/norestedigital.net\/index.php\/wp-json\/wp\/v2\/posts\/5393\/revisions\/5395"}],"wp:featuredmedia":[{"embeddable":true,"href":"https:\/\/norestedigital.net\/index.php\/wp-json\/wp\/v2\/media\/5394"}],"wp:attachment":[{"href":"https:\/\/norestedigital.net\/index.php\/wp-json\/wp\/v2\/media?parent=5393"}],"wp:term":[{"taxonomy":"category","embeddable":true,"href":"https:\/\/norestedigital.net\/index.php\/wp-json\/wp\/v2\/categories?post=5393"},{"taxonomy":"post_tag","embeddable":true,"href":"https:\/\/norestedigital.net\/index.php\/wp-json\/wp\/v2\/tags?post=5393"}],"curies":[{"name":"wp","href":"https:\/\/api.w.org\/{rel}","templated":true}]}}