{"id":5470,"date":"2026-03-23T16:23:51","date_gmt":"2026-03-23T22:23:51","guid":{"rendered":"https:\/\/norestedigital.net\/?p=5470"},"modified":"2026-03-23T16:24:10","modified_gmt":"2026-03-23T22:24:10","slug":"eje-sur-tampico-en-el-dia-del-agua-entre-abasto-y-fragilidad","status":"publish","type":"post","link":"https:\/\/norestedigital.net\/index.php\/2026\/03\/23\/eje-sur-tampico-en-el-dia-del-agua-entre-abasto-y-fragilidad\/","title":{"rendered":"Eje Sur \/\/ Tampico en el D\u00eda del Agua: entre abasto y fragilidad"},"content":{"rendered":"\n<h4 class=\"wp-block-heading\">Por: V\u00edctor Hugo Mart\u00ednez<\/h4>\n\n\n\n<p>En el calendario, el 22 de marzo se marca como el D\u00eda Mundial del Agua. Una fecha que, como tantas otras, suele llenarse de llamados a la conciencia, cifras y buenos prop\u00f3sitos.<\/p>\n\n\n\n<p>Pero en la zona sur de Tamaulipas, el tema dej\u00f3 hace tiempo de ser simb\u00f3lico.<\/p>\n\n\n\n<p>Lo ocurrido en los \u00faltimos a\u00f1os oblig\u00f3 a mirar el agua no como un recurso garantizado, sino como un sistema que puede fallar.&nbsp;<\/p>\n\n\n\n<p>No por ausencia inmediata, sino por desgaste acumulado, por decisiones postergadas y por una infraestructura que durante a\u00f1os oper\u00f3 al l\u00edmite.<\/p>\n\n\n\n<p>Hoy el discurso es otro. Se habla de disponibilidad, de capacidad de respuesta, de aprendizaje institucional. Y es cierto: hay condiciones distintas a las que se vivieron en momentos cr\u00edticos recientes.<\/p>\n\n\n\n<p>Pero tambi\u00e9n hay una diferencia que no se puede ignorar.<\/p>\n\n\n\n<p>Ya no se habla de evitar la crisis, sino de estar preparados para enfrentarla.<\/p>\n\n\n\n<p>Ese matiz, aunque sutil, es revelador.<\/p>\n\n\n\n<p>Porque coloca el tema h\u00eddrico en una l\u00f3gica distinta: no la de la certeza, sino la de la administraci\u00f3n del riesgo. Una donde el margen de error es cada vez menor y donde cada decisi\u00f3n -o cada omisi\u00f3n- tiene consecuencias m\u00e1s visibles.<\/p>\n\n\n\n<p>En ese contexto, el papel de otros actores empieza a tomar mayor relevancia.<\/p>\n\n\n\n<p>El involucramiento de sectores como el empresarial e industrial en proyectos y propuestas relacionadas con el agua refleja una nueva din\u00e1mica. No solo como respaldo, sino como parte activa en la b\u00fasqueda de soluciones que permitan sostener el desarrollo de la regi\u00f3n.<\/p>\n\n\n\n<p>Ah\u00ed es donde comienza a delinearse una participaci\u00f3n m\u00e1s activa del sector industrial, no solo como acompa\u00f1ante, sino como actor con intereses directos en la estabilidad del sistema.&nbsp;<\/p>\n\n\n\n<p>Proyectos como G\u00e9nesis reflejan esa l\u00f3gica: esquemas donde la inversi\u00f3n privada tambi\u00e9n asegura condiciones para su propia operaci\u00f3n futura.&nbsp;<\/p>\n\n\n\n<p>No es un matiz menor.<\/p>\n\n\n\n<p>M\u00e1s bien confirma que, en un escenario de presi\u00f3n h\u00eddrica, la colaboraci\u00f3n responde tanto a una visi\u00f3n de largo plazo como a una necesidad inmediata de garantizar certidumbre en el suministro.<\/p>\n\n\n\n<p>Es un paso que puede resultar clave.<\/p>\n\n\n\n<p>Porque m\u00e1s all\u00e1 de los discursos y las fechas conmemorativas, el verdadero reto no est\u00e1 en reconocer la importancia del agua, sino en construir, entre todos, las condiciones para que no vuelva a convertirse en una emergencia.<\/p>\n","protected":false},"excerpt":{"rendered":"<p>Por: V\u00edctor Hugo Mart\u00ednez En el calendario, el 22 de marzo se marca como el D\u00eda Mundial del Agua. Una fecha que, como tantas otras, suele llenarse de llamados a la conciencia, cifras y buenos prop\u00f3sitos. Pero en la zona sur de Tamaulipas, el tema dej\u00f3 hace tiempo de ser simb\u00f3lico. Lo ocurrido en los &hellip;<\/p>\n","protected":false},"author":2,"featured_media":8869,"comment_status":"open","ping_status":"open","sticky":false,"template":"","format":"standard","meta":{"footnotes":""},"categories":[4,62,54],"tags":[],"class_list":["post-5470","post","type-post","status-publish","format-standard","has-post-thumbnail","","category-columnistas-fashion","category-portada","category-tampico"],"_links":{"self":[{"href":"https:\/\/norestedigital.net\/index.php\/wp-json\/wp\/v2\/posts\/5470","targetHints":{"allow":["GET"]}}],"collection":[{"href":"https:\/\/norestedigital.net\/index.php\/wp-json\/wp\/v2\/posts"}],"about":[{"href":"https:\/\/norestedigital.net\/index.php\/wp-json\/wp\/v2\/types\/post"}],"author":[{"embeddable":true,"href":"https:\/\/norestedigital.net\/index.php\/wp-json\/wp\/v2\/users\/2"}],"replies":[{"embeddable":true,"href":"https:\/\/norestedigital.net\/index.php\/wp-json\/wp\/v2\/comments?post=5470"}],"version-history":[{"count":2,"href":"https:\/\/norestedigital.net\/index.php\/wp-json\/wp\/v2\/posts\/5470\/revisions"}],"predecessor-version":[{"id":8870,"href":"https:\/\/norestedigital.net\/index.php\/wp-json\/wp\/v2\/posts\/5470\/revisions\/8870"}],"wp:featuredmedia":[{"embeddable":true,"href":"https:\/\/norestedigital.net\/index.php\/wp-json\/wp\/v2\/media\/8869"}],"wp:attachment":[{"href":"https:\/\/norestedigital.net\/index.php\/wp-json\/wp\/v2\/media?parent=5470"}],"wp:term":[{"taxonomy":"category","embeddable":true,"href":"https:\/\/norestedigital.net\/index.php\/wp-json\/wp\/v2\/categories?post=5470"},{"taxonomy":"post_tag","embeddable":true,"href":"https:\/\/norestedigital.net\/index.php\/wp-json\/wp\/v2\/tags?post=5470"}],"curies":[{"name":"wp","href":"https:\/\/api.w.org\/{rel}","templated":true}]}}