{"id":5544,"date":"2026-02-20T18:23:03","date_gmt":"2026-02-21T00:23:03","guid":{"rendered":"https:\/\/norestedigital.net\/?p=5544"},"modified":"2026-02-20T18:23:06","modified_gmt":"2026-02-21T00:23:06","slug":"todo-listo-para-la-tradicional-ceremonia-del-abrazo-internacional-por-el-natalicio-de-george-washington","status":"publish","type":"post","link":"https:\/\/norestedigital.net\/index.php\/2026\/02\/20\/todo-listo-para-la-tradicional-ceremonia-del-abrazo-internacional-por-el-natalicio-de-george-washington\/","title":{"rendered":"TODO LISTO PARA LA TRADICIONAL CEREMONIA DEL ABRAZO INTERNACIONAL POR EL NATALICIO DE GEORGE WASHINGTON"},"content":{"rendered":"\n<p>TODO LISTO PARA LA TRADICIONAL CEREMONIA DEL ABRAZO INTERNACIONAL POR EL NATALICIO DE GEORGE WASHINGTON<\/p>\n\n\n\n<p>El Gobierno Municipal informa a la ciudadan\u00eda que todo se encuentra preparado para que este s\u00e1bado 21 de febrero se lleve a cabo la tradicional ceremonia del Abrazo internacional, en el marco de las festividades por el natalicio de George Washington.<\/p>\n\n\n\n<p>Como parte de la log\u00edstica del evento, las autoridades de Aduanas y Protecci\u00f3n Fronteriza de los Estados Unidos (CBP, por sus siglas en ingl\u00e9s) realizar\u00e1n el cierre temporal del cruce binacional \u201cJu\u00e1rez-Lincoln\u201d (Puente 2), escenario donde cada a\u00f1o se desarrolla el simb\u00f3lico \u201cAbrazo Internacional\u201d entre autoridades de M\u00e9xico y Estados Unidos.<\/p>\n\n\n\n<p>El Puente 2 suspender\u00e1 operaciones a partir de las 05:00 horas y reanudar\u00e1 su servicio regular al cruce vehicular aproximadamente a las 09:00 horas del mismo d\u00eda, por lo que se exhorta a la ciudadan\u00eda a tomar las debidas precauciones y considerar rutas alternas para sus traslados.<\/p>\n\n\n\n<p>Por parte de Nuevo Laredo, la ceremonia estar\u00e1 encabezada por la alcaldesa Carmen Lilia Canturosas, quien este a\u00f1o fue nombrada Se\u00f1ora Internacional, en reconocimiento a una gesti\u00f3n municipal que ha priorizado el desarrollo binacional y el fortalecimiento de la relaci\u00f3n entre ambas comunidades.<\/p>\n\n\n\n<p>La ceremonia del Abrazo internacional refrenda los lazos hist\u00f3ricos de amistad, cooperaci\u00f3n y entendimiento entre las ciudades hermanas de Nuevo Laredo y Laredo, consolidando una tradici\u00f3n que simboliza la unidad y el respeto entre ambas naciones.<\/p>\n\n\n\n<p>El Gobierno Municipal invita a la poblaci\u00f3n a ser parte de esta significativa conmemoraci\u00f3n que fortalece la identidad fronteriza y el esp\u00edritu de colaboraci\u00f3n entre M\u00e9xico y Estados Unidos.<\/p>\n","protected":false},"excerpt":{"rendered":"<p>TODO LISTO PARA LA TRADICIONAL CEREMONIA DEL ABRAZO INTERNACIONAL POR EL NATALICIO DE GEORGE WASHINGTON El Gobierno Municipal informa a la ciudadan\u00eda que todo se encuentra preparado para que este s\u00e1bado 21 de febrero se lleve a cabo la tradicional ceremonia del Abrazo internacional, en el marco de las festividades por el natalicio de George &hellip;<\/p>\n","protected":false},"author":2,"featured_media":5545,"comment_status":"open","ping_status":"open","sticky":false,"template":"","format":"standard","meta":{"footnotes":""},"categories":[2,37],"tags":[],"class_list":["post-5544","post","type-post","status-publish","format-standard","has-post-thumbnail","","category-mun","category-nuevo-laredo"],"_links":{"self":[{"href":"https:\/\/norestedigital.net\/index.php\/wp-json\/wp\/v2\/posts\/5544","targetHints":{"allow":["GET"]}}],"collection":[{"href":"https:\/\/norestedigital.net\/index.php\/wp-json\/wp\/v2\/posts"}],"about":[{"href":"https:\/\/norestedigital.net\/index.php\/wp-json\/wp\/v2\/types\/post"}],"author":[{"embeddable":true,"href":"https:\/\/norestedigital.net\/index.php\/wp-json\/wp\/v2\/users\/2"}],"replies":[{"embeddable":true,"href":"https:\/\/norestedigital.net\/index.php\/wp-json\/wp\/v2\/comments?post=5544"}],"version-history":[{"count":1,"href":"https:\/\/norestedigital.net\/index.php\/wp-json\/wp\/v2\/posts\/5544\/revisions"}],"predecessor-version":[{"id":5546,"href":"https:\/\/norestedigital.net\/index.php\/wp-json\/wp\/v2\/posts\/5544\/revisions\/5546"}],"wp:featuredmedia":[{"embeddable":true,"href":"https:\/\/norestedigital.net\/index.php\/wp-json\/wp\/v2\/media\/5545"}],"wp:attachment":[{"href":"https:\/\/norestedigital.net\/index.php\/wp-json\/wp\/v2\/media?parent=5544"}],"wp:term":[{"taxonomy":"category","embeddable":true,"href":"https:\/\/norestedigital.net\/index.php\/wp-json\/wp\/v2\/categories?post=5544"},{"taxonomy":"post_tag","embeddable":true,"href":"https:\/\/norestedigital.net\/index.php\/wp-json\/wp\/v2\/tags?post=5544"}],"curies":[{"name":"wp","href":"https:\/\/api.w.org\/{rel}","templated":true}]}}