{"id":5552,"date":"2026-02-20T18:36:08","date_gmt":"2026-02-21T00:36:08","guid":{"rendered":"https:\/\/norestedigital.net\/?p=5552"},"modified":"2026-02-20T18:36:11","modified_gmt":"2026-02-21T00:36:11","slug":"abre-puertas-sector-maquila-a-recontratacion-de-personal","status":"publish","type":"post","link":"https:\/\/norestedigital.net\/index.php\/2026\/02\/20\/abre-puertas-sector-maquila-a-recontratacion-de-personal\/","title":{"rendered":"Abre puertas sector maquila a recontrataci\u00f3n de personal"},"content":{"rendered":"\n<p><strong>Abre puertas sector maquila<\/strong> <strong>a recontrataci\u00f3n de personal<\/strong><\/p>\n\n\n\n<p><strong>&nbsp;&nbsp;&nbsp;&nbsp;&nbsp;&nbsp;&nbsp;&nbsp;&nbsp;&nbsp;&nbsp;&nbsp;&nbsp;&nbsp;&nbsp;&nbsp;&nbsp;&nbsp;&nbsp;&nbsp;&nbsp;&nbsp;&nbsp;&nbsp;&nbsp;&nbsp;&nbsp;&nbsp;&nbsp;&nbsp;&nbsp;&nbsp;&nbsp;&nbsp;&nbsp;&nbsp;&nbsp;&nbsp;&nbsp;&nbsp;&nbsp;&nbsp;&nbsp;&nbsp;&nbsp;&nbsp; Por Javier Claudio<\/strong><\/p>\n\n\n\n<p>Las recontrataciones de personal retirado por jubilaci\u00f3n o pensi\u00f3n, surgen como una opci\u00f3n para la ocupaci\u00f3n de puestos ac\u00e9falos en las empresas, entre ellas en el sector industria maquiladora de Nuevo Laredo.<\/p>\n\n\n\n<p>&nbsp;&nbsp;&nbsp;&nbsp;&nbsp;&nbsp;&nbsp;&nbsp;&nbsp;&nbsp;&nbsp; Aun cuando no se tiene un r\u00e9cord de recontrataci\u00f3n, no se descarta su aplicaci\u00f3n, m\u00e1s todav\u00eda que ser\u00eda personal que ya labor\u00f3, tiene la experiencia y ocupar\u00eda puestos ac\u00e9falos, dijo el ingeniero Javier Herrera, Jim\u00e9nez, director general de Industria Maquiladora y Manufacturera de Exportaci\u00f3n (INDEX).<\/p>\n\n\n\n<p>&nbsp;&nbsp;&nbsp;&nbsp;&nbsp;&nbsp;&nbsp;&nbsp;&nbsp;&nbsp;&nbsp; \u201cSin duda esto ser\u00e1 \u00fatil con la nueva Ley de Pensiones, as\u00ed tambi\u00e9n estas recontrataciones son coadyuvantes a ocupar aquellos espacios que quedan ac\u00e9falos, como as\u00ed sucede con los permisos y bajas de empleados en el mes diciembre\u201d, coment\u00f3.<\/p>\n\n\n\n<p>&nbsp;&nbsp;&nbsp;&nbsp;&nbsp;&nbsp;&nbsp;&nbsp;&nbsp;&nbsp;&nbsp; Algunas empresas han tenido recontrataciones de personal jubilado o pensionado, que pasado un corto tiempo vuelven a buscar empleo y se les da la comodidad de solicitar y emplearse de nuevo en la misma empresa. &nbsp;&nbsp;&nbsp;&nbsp;&nbsp;&nbsp;<\/p>\n\n\n\n<p>&nbsp;&nbsp;&nbsp;&nbsp;&nbsp;&nbsp;&nbsp;&nbsp;&nbsp;&nbsp;&nbsp; Asinti\u00f3 en que es totalmente factible y de beneficio esta variante de alta de ex empleados, pues no tropieza con la ley laboral ni con la del Instituyo Mexicano del Seguro, Social (IMSS), pues su percepci\u00f3n de pago ser\u00eda por honorarios.<\/p>\n\n\n\n<p>&nbsp;&nbsp;&nbsp;&nbsp;&nbsp;&nbsp;&nbsp;&nbsp;&nbsp;&nbsp;&nbsp; \u201cY tambi\u00e9n, no se tendr\u00eda que dar la alta esta recontrataci\u00f3n en el Seguro Social, porque ha permanecido percibiendo el beneficio luego de su retiro del empleo por jubilaci\u00f3n o pensi\u00f3n\u201d, asent\u00f3 Herrera Jim\u00e9nez.<\/p>\n\n\n\n<p>&nbsp;&nbsp;&nbsp;&nbsp;&nbsp;&nbsp;&nbsp;&nbsp;&nbsp;&nbsp;&nbsp; El director general de INDEX afirm\u00f3 que esas recontrataciones no se tienen en el r\u00e9cord del sector maquiladora, pero tienen la factibilidad porque personal que se da de baja en muchos de los casos siegue siendo de utilidad por la edad.<\/p>\n","protected":false},"excerpt":{"rendered":"<p>Abre puertas sector maquila a recontrataci\u00f3n de personal &nbsp;&nbsp;&nbsp;&nbsp;&nbsp;&nbsp;&nbsp;&nbsp;&nbsp;&nbsp;&nbsp;&nbsp;&nbsp;&nbsp;&nbsp;&nbsp;&nbsp;&nbsp;&nbsp;&nbsp;&nbsp;&nbsp;&nbsp;&nbsp;&nbsp;&nbsp;&nbsp;&nbsp;&nbsp;&nbsp;&nbsp;&nbsp;&nbsp;&nbsp;&nbsp;&nbsp;&nbsp;&nbsp;&nbsp;&nbsp;&nbsp;&nbsp;&nbsp;&nbsp;&nbsp;&nbsp; Por Javier Claudio Las recontrataciones de personal retirado por jubilaci\u00f3n o pensi\u00f3n, surgen como una opci\u00f3n para la ocupaci\u00f3n de puestos ac\u00e9falos en las empresas, entre ellas en el sector industria maquiladora de Nuevo Laredo. &nbsp;&nbsp;&nbsp;&nbsp;&nbsp;&nbsp;&nbsp;&nbsp;&nbsp;&nbsp;&nbsp; Aun cuando no se tiene un r\u00e9cord de recontrataci\u00f3n, no &hellip;<\/p>\n","protected":false},"author":2,"featured_media":5553,"comment_status":"open","ping_status":"open","sticky":false,"template":"","format":"standard","meta":{"footnotes":""},"categories":[37],"tags":[],"class_list":["post-5552","post","type-post","status-publish","format-standard","has-post-thumbnail","","category-nuevo-laredo"],"_links":{"self":[{"href":"https:\/\/norestedigital.net\/index.php\/wp-json\/wp\/v2\/posts\/5552","targetHints":{"allow":["GET"]}}],"collection":[{"href":"https:\/\/norestedigital.net\/index.php\/wp-json\/wp\/v2\/posts"}],"about":[{"href":"https:\/\/norestedigital.net\/index.php\/wp-json\/wp\/v2\/types\/post"}],"author":[{"embeddable":true,"href":"https:\/\/norestedigital.net\/index.php\/wp-json\/wp\/v2\/users\/2"}],"replies":[{"embeddable":true,"href":"https:\/\/norestedigital.net\/index.php\/wp-json\/wp\/v2\/comments?post=5552"}],"version-history":[{"count":1,"href":"https:\/\/norestedigital.net\/index.php\/wp-json\/wp\/v2\/posts\/5552\/revisions"}],"predecessor-version":[{"id":5555,"href":"https:\/\/norestedigital.net\/index.php\/wp-json\/wp\/v2\/posts\/5552\/revisions\/5555"}],"wp:featuredmedia":[{"embeddable":true,"href":"https:\/\/norestedigital.net\/index.php\/wp-json\/wp\/v2\/media\/5553"}],"wp:attachment":[{"href":"https:\/\/norestedigital.net\/index.php\/wp-json\/wp\/v2\/media?parent=5552"}],"wp:term":[{"taxonomy":"category","embeddable":true,"href":"https:\/\/norestedigital.net\/index.php\/wp-json\/wp\/v2\/categories?post=5552"},{"taxonomy":"post_tag","embeddable":true,"href":"https:\/\/norestedigital.net\/index.php\/wp-json\/wp\/v2\/tags?post=5552"}],"curies":[{"name":"wp","href":"https:\/\/api.w.org\/{rel}","templated":true}]}}