{"id":5607,"date":"2026-02-21T20:35:33","date_gmt":"2026-02-22T02:35:33","guid":{"rendered":"https:\/\/norestedigital.net\/?p=5607"},"modified":"2026-02-21T20:35:40","modified_gmt":"2026-02-22T02:35:40","slug":"sigue-llegando-personal-a-la-anam-y-suma-el-40","status":"publish","type":"post","link":"https:\/\/norestedigital.net\/index.php\/2026\/02\/21\/sigue-llegando-personal-a-la-anam-y-suma-el-40\/","title":{"rendered":"Sigue llegando personal a la ANAM y suma el 40%"},"content":{"rendered":"\n<p><strong>Sigue llegando personal a<\/strong> <strong>la ANAM y suma el 40%<\/strong><\/p>\n\n\n\n<p><strong>&nbsp;&nbsp;&nbsp;&nbsp;&nbsp;&nbsp;&nbsp;&nbsp;&nbsp;&nbsp;&nbsp;&nbsp;&nbsp;&nbsp;&nbsp;&nbsp;&nbsp;&nbsp;&nbsp;&nbsp;&nbsp;&nbsp;&nbsp;&nbsp;&nbsp;&nbsp;&nbsp;&nbsp;&nbsp;&nbsp;&nbsp;&nbsp;&nbsp;&nbsp;&nbsp;&nbsp;&nbsp;&nbsp;&nbsp;&nbsp;&nbsp;&nbsp;&nbsp;&nbsp;&nbsp;&nbsp;&nbsp;Por Javier Claudio<\/strong><\/p>\n\n\n\n<p>&nbsp;&nbsp;&nbsp;&nbsp;&nbsp;&nbsp;&nbsp;&nbsp;&nbsp;&nbsp;&nbsp;&nbsp;A casi un mes de la inauguraci\u00f3n de la Agencia Nacional de Aduanas de M\u00e9xico (ANAM), contin\u00faa la llegada de personal a la nueva sede en Nuevo Laredo y alcanzar el 40 por ciento del total que se requiere para operaci\u00f3n.<\/p>\n\n\n\n<p>&nbsp;&nbsp;&nbsp;&nbsp;&nbsp;&nbsp;&nbsp;&nbsp;&nbsp;&nbsp;&nbsp;&nbsp;\u201cLas tres unidades al interior de la ANAM est\u00e1n siendo ocupadas por familias, directivos y personal soltero. Est\u00e1n llegado poco a poco y esto es conforme a los tiempos del proceso de reubicaci\u00f3n o el alta de nuevo personal\u201d, dijo la fuente de Aduana.<\/p>\n\n\n\n<figure class=\"wp-block-image size-full\"><img decoding=\"async\" src=\"https:\/\/globalnewsmx.net\/wp-content\/uploads\/2026\/02\/21-2-2026-20.2.58-5.jpg\" alt=\" Las unidades habitacionales en la nueva sede de la ANAM siguen siendo ocupadas por personal administrativo y de operaci\u00f3n.\" class=\"wp-image-4673\"\/><\/figure>\n\n\n\n<p>&nbsp;&nbsp;&nbsp;&nbsp;&nbsp;&nbsp;&nbsp;&nbsp;&nbsp;&nbsp;&nbsp;&nbsp;Indic\u00f3 que para la contrataci\u00f3n o reubicaci\u00f3n de personal de Aduanas se sigue un lineamiento legal que inicia desde el aviso de incorporarse a la sede en Nuevo Laredo y concluye con los cinco d\u00edas h\u00e1biles que se les otorgan para presentarse.<\/p>\n\n\n\n<p>&nbsp;&nbsp;&nbsp;&nbsp;&nbsp;&nbsp;&nbsp;&nbsp;&nbsp;&nbsp;&nbsp;&nbsp;Detall\u00f3 que la incorporaci\u00f3n de personal para ocupar el departamento asignado en alguna de las unidades se da c\u00f3modamente, debido a que el inmueble que se ocupa est\u00e1 debidamente amueblado.<\/p>\n\n\n\n<p>&nbsp;&nbsp;&nbsp;&nbsp;&nbsp;&nbsp;&nbsp;&nbsp;&nbsp;&nbsp;&nbsp;&nbsp;Con respecto a las familias, ser\u00edan algunas excepciones por los muebles adicionales para ni\u00f1os y\/o j\u00f3venes y cuyo acceso de esa mudanza es por las partes laterales del complejo fiscal y habitacional.<\/p>\n\n\n\n<p>&nbsp;&nbsp;&nbsp;&nbsp;&nbsp;&nbsp;&nbsp;&nbsp;&nbsp;&nbsp;&nbsp;&nbsp;La nueva sede de la Aduana, inaugurada el pasado mes de enero por la presidenta de M\u00e9xico, Claudia Sheinbaum, cuenta con tres unidades habitacionales para su personal, administrativo, de operaci\u00f3n y directivos.<\/p>\n\n\n\n<p>&nbsp;&nbsp;&nbsp;&nbsp;&nbsp;&nbsp;&nbsp;&nbsp;&nbsp;&nbsp;&nbsp;&nbsp;&nbsp;&nbsp;&nbsp;La supervisi\u00f3n de la ocupaci\u00f3n de las unidades habitacionales, aparece integrada al control de alta del nuevo personal y es supervisada por altos funcionarios de la ANAM procedentes de la ciudad de M\u00e9xico cuya estancia local es peri\u00f3dica.<\/p>\n","protected":false},"excerpt":{"rendered":"<p>Sigue llegando personal a la ANAM y suma el 40% &nbsp;&nbsp;&nbsp;&nbsp;&nbsp;&nbsp;&nbsp;&nbsp;&nbsp;&nbsp;&nbsp;&nbsp;&nbsp;&nbsp;&nbsp;&nbsp;&nbsp;&nbsp;&nbsp;&nbsp;&nbsp;&nbsp;&nbsp;&nbsp;&nbsp;&nbsp;&nbsp;&nbsp;&nbsp;&nbsp;&nbsp;&nbsp;&nbsp;&nbsp;&nbsp;&nbsp;&nbsp;&nbsp;&nbsp;&nbsp;&nbsp;&nbsp;&nbsp;&nbsp;&nbsp;&nbsp;&nbsp;Por Javier Claudio &nbsp;&nbsp;&nbsp;&nbsp;&nbsp;&nbsp;&nbsp;&nbsp;&nbsp;&nbsp;&nbsp;&nbsp;A casi un mes de la inauguraci\u00f3n de la Agencia Nacional de Aduanas de M\u00e9xico (ANAM), contin\u00faa la llegada de personal a la nueva sede en Nuevo Laredo y alcanzar el 40 por ciento del total que se requiere para operaci\u00f3n. &nbsp;&nbsp;&nbsp;&nbsp;&nbsp;&nbsp;&nbsp;&nbsp;&nbsp;&nbsp;&nbsp;&nbsp;\u201cLas &hellip;<\/p>\n","protected":false},"author":2,"featured_media":5608,"comment_status":"open","ping_status":"open","sticky":false,"template":"","format":"standard","meta":{"footnotes":""},"categories":[37],"tags":[],"class_list":["post-5607","post","type-post","status-publish","format-standard","has-post-thumbnail","","category-nuevo-laredo"],"_links":{"self":[{"href":"https:\/\/norestedigital.net\/index.php\/wp-json\/wp\/v2\/posts\/5607","targetHints":{"allow":["GET"]}}],"collection":[{"href":"https:\/\/norestedigital.net\/index.php\/wp-json\/wp\/v2\/posts"}],"about":[{"href":"https:\/\/norestedigital.net\/index.php\/wp-json\/wp\/v2\/types\/post"}],"author":[{"embeddable":true,"href":"https:\/\/norestedigital.net\/index.php\/wp-json\/wp\/v2\/users\/2"}],"replies":[{"embeddable":true,"href":"https:\/\/norestedigital.net\/index.php\/wp-json\/wp\/v2\/comments?post=5607"}],"version-history":[{"count":1,"href":"https:\/\/norestedigital.net\/index.php\/wp-json\/wp\/v2\/posts\/5607\/revisions"}],"predecessor-version":[{"id":5610,"href":"https:\/\/norestedigital.net\/index.php\/wp-json\/wp\/v2\/posts\/5607\/revisions\/5610"}],"wp:featuredmedia":[{"embeddable":true,"href":"https:\/\/norestedigital.net\/index.php\/wp-json\/wp\/v2\/media\/5608"}],"wp:attachment":[{"href":"https:\/\/norestedigital.net\/index.php\/wp-json\/wp\/v2\/media?parent=5607"}],"wp:term":[{"taxonomy":"category","embeddable":true,"href":"https:\/\/norestedigital.net\/index.php\/wp-json\/wp\/v2\/categories?post=5607"},{"taxonomy":"post_tag","embeddable":true,"href":"https:\/\/norestedigital.net\/index.php\/wp-json\/wp\/v2\/tags?post=5607"}],"curies":[{"name":"wp","href":"https:\/\/api.w.org\/{rel}","templated":true}]}}