{"id":5893,"date":"2026-02-24T17:27:27","date_gmt":"2026-02-24T23:27:27","guid":{"rendered":"https:\/\/norestedigital.net\/?p=5893"},"modified":"2026-02-24T17:27:35","modified_gmt":"2026-02-24T23:27:35","slug":"nada-puede-oponerse-a-un-pueblo-unido-americo","status":"publish","type":"post","link":"https:\/\/norestedigital.net\/index.php\/2026\/02\/24\/nada-puede-oponerse-a-un-pueblo-unido-americo\/","title":{"rendered":"Nada puede oponerse a un pueblo unido: Am\u00e9rico"},"content":{"rendered":"\n<p>Febrero 24 de 2026<\/p>\n\n\n\n<p>Ciudad Victoria, Tamaulipas.- Al presidir la ceremonia conmemorativa del D\u00eda de la Bandera, el gobernador de Tamaulipas, Am\u00e9rico Villarreal Anaya, afirm\u00f3 que el l\u00e1baro patrio revive lo que las y los mexicanos han hecho, por lo que han luchado, y por supuesto, sirve para modelar con esperanza lo que \u201csomos capaces de hacer en el futuro\u201d.<\/p>\n\n\n\n<p>\u00abHoy estamos de pie, seguros de nosotros mismos, convencidos de que no existe nada que pueda oponerse a un pueblo unido. El amor a nuestros semejantes y la felicidad compartida son ideales mucho m\u00e1s poderosos que el odio, el miedo o la divisi\u00f3n\u201d, expres\u00f3 ante la presencia del general Newton Manuel Ch\u00e1vez Ba\u00f1os, comandante de la 48 Zona Militar.<\/p>\n\n\n\n<p>Durante el evento c\u00edvico, que incluy\u00f3 un enlace con la ceremonia encabezada por la presidenta Claudia Sheinbaum Pardo, y en el cual tambi\u00e9n se iz\u00f3 la bandera del Cerro del Aura, el mandatario estatal, quien hizo entrega del l\u00e1baro patrio para su guarda y custodia a cinco escuelas, reafirm\u00f3 el compromiso de las nuevas generaciones con los valores y s\u00edmbolos patrios.<\/p>\n\n\n\n<p>Villarreal Anaya se\u00f1al\u00f3 en su mensaje que el 24 de febrero no es solo una fecha en el calendario, \u00absino un recordatorio vivo de nuestra historia, de nuestras luchas y de los sue\u00f1os que generaci\u00f3n tras generaci\u00f3n hemos defendido bajo un mismo cielo. El mismo lienzo tricolor que vieron nuestros h\u00e9roes y hero\u00ednas, nuestros abuelos y padres y que hoy rememoramos en esta protesta de bandera a nuestras futuras generaciones\u00bb.<\/p>\n\n\n\n<p>\u201cAcompa\u00f1amos con todo el orgullo y el sentido de lealtad y pertenencia que produce en cada uno de nosotros la Bandera Nacional, que es el s\u00edmbolo por excelencia que entra\u00f1a nuestra mexicanidad, que evoca lo mejor de nuestra historia y que es el estandarte que ha transitado nuestras transformaciones nacionales, representando el hero\u00edsmo de hombres y mujeres que se entregaron su vida para que hoy podamos disfrutar el pa\u00eds que tenemos\u201d, manifest\u00f3 el ejecutivo tamaulipeco.<\/p>\n\n\n\n<p>Durante el evento, se hizo entrega del l\u00e1baro patrio a las y los directores de la Escuela Preparatoria Federalizada No. 1 de Ciudad Victoria; de la Escuela Preparatoria Federalizada No. 2 de Ciudad Victoria; de la Escuela Preparatoria Federalizada No. 3 de Ciudad Victoria; del CBTIS 236 de Ciudad Victoria y de la Secundaria T\u00e9cnica No. 71 de Ciudad Victoria, y posteriormente, miembros de las Fuerzas Armadas hicieron entrega de banderas a 27 escoltas de escuelas secundarias y preparatorias.<\/p>\n\n\n\n<p>Acompa\u00f1aron al gobernador en el pres\u00eddium el contraalmirante Francisco Figuereo Corona, comandante del Sector Naval La Pesca; el diputado Sergio Arturo Castillo, presidente de la Mesa Directiva del Congreso del Estado; H\u00e9ctor Joel Villegas Gonz\u00e1lez, secretario general de Gobierno; general Jes\u00fas Adolfo Ampar\u00e1n Hern\u00e1ndez, coordinador de la Guardia Nacional de Tamaulipas; Tania Gisela Contreras L\u00f3pez, presidenta del Supremo Tribunal de Justicia y del Consejo de la Judicatura; Jes\u00fas Eduardo Govea Orozco, fiscal general de Justicia, y los secretarios de Educaci\u00f3n, Miguel \u00c1ngel Valdez, y de Seguridad P\u00fablica, Carlos Arturo Pancardo, adem\u00e1s del alcalde de Victoria, Eduardo Abraham Gatt\u00e1s B\u00e1ez.<\/p>\n\n\n\n<figure class=\"wp-block-image\"><a href=\"https:\/\/www.tamaulipas.gob.mx\/wp-content\/uploads\/2026\/02\/045-2026.-Nada-puede-oponerse-a-un-pueblo-unido-Americo-4.jpeg\"><img decoding=\"async\" src=\"https:\/\/www.tamaulipas.gob.mx\/wp-content\/uploads\/2026\/02\/045-2026.-Nada-puede-oponerse-a-un-pueblo-unido-Americo-4-850x500.jpeg\" alt=\"\"\/><\/a><\/figure>\n\n\n\n<figure class=\"wp-block-image\"><a href=\"https:\/\/www.tamaulipas.gob.mx\/wp-content\/uploads\/2026\/02\/045-2026.-Nada-puede-oponerse-a-un-pueblo-unido-Americo-5.jpeg\"><img decoding=\"async\" src=\"https:\/\/www.tamaulipas.gob.mx\/wp-content\/uploads\/2026\/02\/045-2026.-Nada-puede-oponerse-a-un-pueblo-unido-Americo-5-850x500.jpeg\" alt=\"\"\/><\/a><\/figure>\n","protected":false},"excerpt":{"rendered":"<p>Febrero 24 de 2026 Ciudad Victoria, Tamaulipas.- Al presidir la ceremonia conmemorativa del D\u00eda de la Bandera, el gobernador de Tamaulipas, Am\u00e9rico Villarreal Anaya, afirm\u00f3 que el l\u00e1baro patrio revive lo que las y los mexicanos han hecho, por lo que han luchado, y por supuesto, sirve para modelar con esperanza lo que \u201csomos capaces &hellip;<\/p>\n","protected":false},"author":2,"featured_media":5894,"comment_status":"open","ping_status":"open","sticky":false,"template":"","format":"standard","meta":{"footnotes":""},"categories":[49,62,10],"tags":[],"class_list":["post-5893","post","type-post","status-publish","format-standard","has-post-thumbnail","","category-gobierno-de-tamaulipas","category-portada","category-tam"],"_links":{"self":[{"href":"https:\/\/norestedigital.net\/index.php\/wp-json\/wp\/v2\/posts\/5893","targetHints":{"allow":["GET"]}}],"collection":[{"href":"https:\/\/norestedigital.net\/index.php\/wp-json\/wp\/v2\/posts"}],"about":[{"href":"https:\/\/norestedigital.net\/index.php\/wp-json\/wp\/v2\/types\/post"}],"author":[{"embeddable":true,"href":"https:\/\/norestedigital.net\/index.php\/wp-json\/wp\/v2\/users\/2"}],"replies":[{"embeddable":true,"href":"https:\/\/norestedigital.net\/index.php\/wp-json\/wp\/v2\/comments?post=5893"}],"version-history":[{"count":1,"href":"https:\/\/norestedigital.net\/index.php\/wp-json\/wp\/v2\/posts\/5893\/revisions"}],"predecessor-version":[{"id":5895,"href":"https:\/\/norestedigital.net\/index.php\/wp-json\/wp\/v2\/posts\/5893\/revisions\/5895"}],"wp:featuredmedia":[{"embeddable":true,"href":"https:\/\/norestedigital.net\/index.php\/wp-json\/wp\/v2\/media\/5894"}],"wp:attachment":[{"href":"https:\/\/norestedigital.net\/index.php\/wp-json\/wp\/v2\/media?parent=5893"}],"wp:term":[{"taxonomy":"category","embeddable":true,"href":"https:\/\/norestedigital.net\/index.php\/wp-json\/wp\/v2\/categories?post=5893"},{"taxonomy":"post_tag","embeddable":true,"href":"https:\/\/norestedigital.net\/index.php\/wp-json\/wp\/v2\/tags?post=5893"}],"curies":[{"name":"wp","href":"https:\/\/api.w.org\/{rel}","templated":true}]}}