{"id":6034,"date":"2026-02-25T17:54:31","date_gmt":"2026-02-25T23:54:31","guid":{"rendered":"https:\/\/norestedigital.net\/?p=6034"},"modified":"2026-02-25T17:54:34","modified_gmt":"2026-02-25T23:54:34","slug":"fortalece-gobierno-de-nuevo-laredo-educacion-ambiental-con-platicas-sobre-huertos-escolares","status":"publish","type":"post","link":"https:\/\/norestedigital.net\/index.php\/2026\/02\/25\/fortalece-gobierno-de-nuevo-laredo-educacion-ambiental-con-platicas-sobre-huertos-escolares\/","title":{"rendered":"FORTALECE GOBIERNO DE NUEVO LAREDO EDUCACI\u00d3N AMBIENTAL CON PL\u00c1TICAS SOBRE HUERTOS ESCOLARES"},"content":{"rendered":"\n<p>FORTALECE GOBIERNO DE NUEVO LAREDO EDUCACI\u00d3N AMBIENTAL CON PL\u00c1TICAS SOBRE HUERTOS ESCOLARES<\/p>\n\n\n\n<p>El Gobierno Municipal, a trav\u00e9s de la Coordinaci\u00f3n General de Gesti\u00f3n Ambiental, llev\u00f3 a cabo la capacitaci\u00f3n \u201cHuertos Escolares\u201d en la Escuela Primaria Felipe Dur\u00e1n Robles, con el objetivo de reforzar la educaci\u00f3n ambiental y promover la sustentabilidad desde las aulas.<\/p>\n\n\n\n<p>Durante la jornada, personal especializado brind\u00f3 a docentes y estudiantes herramientas pr\u00e1cticas y conocimientos b\u00e1sicos para la instalaci\u00f3n, mantenimiento y cuidado de huertos escolares, fomentando el aprendizaje vivencial en temas como producci\u00f3n de alimentos, aprovechamiento responsable de recursos y trabajo colaborativo.<\/p>\n\n\n\n<p>Esta actividad fortalece los distintos programas ambientales que impulsa el Gobierno Municipal en materia de educaci\u00f3n ecol\u00f3gica, cultura de reciclaje, cuidado del agua y participaci\u00f3n comunitaria, consolidando una estrategia integral orientada a formar nuevas generaciones m\u00e1s conscientes y comprometidas con su entorno.<\/p>\n\n\n\n<p>Con acciones como esta, la Coordinaci\u00f3n General de Gesti\u00f3n Ambiental reafirma su compromiso de impulsar la autosustentabilidad, promover h\u00e1bitos responsables y consolidar espacios educativos que integren la teor\u00eda con la pr\u00e1ctica, en beneficio de la comunidad escolar y del desarrollo sostenible del municipio.<\/p>\n","protected":false},"excerpt":{"rendered":"<p>FORTALECE GOBIERNO DE NUEVO LAREDO EDUCACI\u00d3N AMBIENTAL CON PL\u00c1TICAS SOBRE HUERTOS ESCOLARES El Gobierno Municipal, a trav\u00e9s de la Coordinaci\u00f3n General de Gesti\u00f3n Ambiental, llev\u00f3 a cabo la capacitaci\u00f3n \u201cHuertos Escolares\u201d en la Escuela Primaria Felipe Dur\u00e1n Robles, con el objetivo de reforzar la educaci\u00f3n ambiental y promover la sustentabilidad desde las aulas. Durante la &hellip;<\/p>\n","protected":false},"author":2,"featured_media":6035,"comment_status":"open","ping_status":"open","sticky":false,"template":"","format":"standard","meta":{"footnotes":""},"categories":[2,37],"tags":[],"class_list":["post-6034","post","type-post","status-publish","format-standard","has-post-thumbnail","","category-mun","category-nuevo-laredo"],"_links":{"self":[{"href":"https:\/\/norestedigital.net\/index.php\/wp-json\/wp\/v2\/posts\/6034","targetHints":{"allow":["GET"]}}],"collection":[{"href":"https:\/\/norestedigital.net\/index.php\/wp-json\/wp\/v2\/posts"}],"about":[{"href":"https:\/\/norestedigital.net\/index.php\/wp-json\/wp\/v2\/types\/post"}],"author":[{"embeddable":true,"href":"https:\/\/norestedigital.net\/index.php\/wp-json\/wp\/v2\/users\/2"}],"replies":[{"embeddable":true,"href":"https:\/\/norestedigital.net\/index.php\/wp-json\/wp\/v2\/comments?post=6034"}],"version-history":[{"count":1,"href":"https:\/\/norestedigital.net\/index.php\/wp-json\/wp\/v2\/posts\/6034\/revisions"}],"predecessor-version":[{"id":6039,"href":"https:\/\/norestedigital.net\/index.php\/wp-json\/wp\/v2\/posts\/6034\/revisions\/6039"}],"wp:featuredmedia":[{"embeddable":true,"href":"https:\/\/norestedigital.net\/index.php\/wp-json\/wp\/v2\/media\/6035"}],"wp:attachment":[{"href":"https:\/\/norestedigital.net\/index.php\/wp-json\/wp\/v2\/media?parent=6034"}],"wp:term":[{"taxonomy":"category","embeddable":true,"href":"https:\/\/norestedigital.net\/index.php\/wp-json\/wp\/v2\/categories?post=6034"},{"taxonomy":"post_tag","embeddable":true,"href":"https:\/\/norestedigital.net\/index.php\/wp-json\/wp\/v2\/tags?post=6034"}],"curies":[{"name":"wp","href":"https:\/\/api.w.org\/{rel}","templated":true}]}}