{"id":6097,"date":"2026-04-29T23:40:17","date_gmt":"2026-04-30T05:40:17","guid":{"rendered":"https:\/\/norestedigital.net\/?p=6097"},"modified":"2026-04-29T23:40:20","modified_gmt":"2026-04-30T05:40:20","slug":"teclazos-rinde-segundo-informe-institucional-el-rector-de-la-uat-damaso-anaya","status":"publish","type":"post","link":"https:\/\/norestedigital.net\/index.php\/2026\/04\/29\/teclazos-rinde-segundo-informe-institucional-el-rector-de-la-uat-damaso-anaya\/","title":{"rendered":"TECLAZOS \/\/ RINDE SEGUNDO INFORME INSTITUCIONAL EL RECTOR DE LA UAT DAMASO ANAYA&#8230;"},"content":{"rendered":"\n<p>Por Guadalupe E. Gonz\u00e1lez<\/p>\n\n\n\n<p><\/p>\n\n\n\n<p>X.-Reconoci\u00f3 al Gobernador Am\u00e9rico Villarreal, por su compromiso con la transparencia y la rendici\u00f3n de cuentas<\/p>\n\n\n\n<p>TRAS rendir su segundo Informe Institucional, el rector de la Universidad Aut\u00f3noma de Tamaulipas Damaso Anaya Alvarado, hizo patente su reconocimiento al gobernador Am\u00e9rico Villarreal, \u201cpor fortalecer el compromiso con la transparencia y la rendici\u00f3n de cuentas\u201d, apuntando que, la UAT, en solo dos a\u00f1os, \u201cpas\u00f3 de crecer del 1% al 5.5%\u201d y, adem\u00e1s se atiende a mas d 42 mil estudiantes\u201d.<\/p>\n\n\n\n<p>ALUDIENDO el rector universitario Damaso Anaya que, en el mismo sentido, \u201cla UAT pas\u00f3 del 87 al 100 por ciento\u201d, respecto a los programas de licenciaturas, acreditados por su gran calidad profesional. Y, destac\u00f3 que, \u201cel 76 por ciento de los profesores de tiempos completo, hoy ya cuentan con reconocimiento PRODEP\u201d. Puntualizando que, la Universidad \u201cen el 2023 pas\u00f3 de 106 proyectos de investigaci\u00f3n a mas de 200 proyectos activos\u201d, remarc\u00f3.<\/p>\n\n\n\n<p>SE\u00d1ALANDO Anaya Alvarado que, \u201cla UAT, es la Universidad p\u00fablica con mayor cobertura en Tamaulipas\u201d, en la que incluso, \u201cse atiende al 48.7 % de la matr\u00edcula de licenciatura en Instituciones P\u00fablicas\u201d, confirm\u00e1ndose en este marco que, \u201cla universidad, cuenta con una oferta educativa de 182 programas acad\u00e9micos\u201d.<\/p>\n\n\n\n<p>Y, entre otros preceptos Acad\u00e9micos, expres\u00f3 el rector Damaso Anaya que, podremos decir que, \u201cla transformaci\u00f3n universitaria, se materializa, en la formaci\u00f3n de estudiantes, as\u00ed como en aulas, laboratorios, espacios culturales y deportivos\u201d, fortaleci\u00e9ndose en este tenor \u201cla infraestructura, en las tres regiones del estado, mediante una inversi\u00f3n superior a 232 millones de pesos\u201d. Cre\u00e1ndose nuevos programas estrat\u00e9gicos, como Ingenier\u00eda en Ciencia de Datos e Inteligencia Artificial y, la Ingenier\u00eda Biom\u00e9dica, destac\u00f3.<\/p>\n\n\n\n<p>EL RECTOR Anaya Alvarado, dijo que, \u201cdurante el \u00faltimo a\u00f1o, 20,064 estudiantes recibieron becas\u201d. Y, uno, de cada dos alumnos, cuenta con apoyo institucional\u201d. Afirmando que, adem\u00e1s, \u201cse otorgaron m\u00e1s de 5,000 est\u00edmulos econ\u00f3micos, dirigidos a estudiantes en condiciones de vulnerabilidad, de excelencia o con necesidades espec\u00edficas\u201d.<\/p>\n\n\n\n<p>EXPRES\u00d3 que, \u201ctambi\u00e9n se impuls\u00f3 el bachillerato virtual y mixto, y avanza\u201d y, por este motivo, subray\u00f3 que, la UAT pas\u00f3 de 106 proyectos de investigaci\u00f3n en 2023, a 139 en 2024, y a 201 proyectos activos en 2025. Fortaleci\u00e9ndose \u201cla capacidad editorial, incrementando la publicaci\u00f3n de libros de 35 en 2024 a 55 en 2025\u201d.<\/p>\n\n\n\n<p>A\u00d1ADIENDO que, \u201cla UAT cuenta con un total de 21 registros en el Instituto Mexicano de la Propiedad Industrial y, en el \u00faltimo a\u00f1o, se sumaron 2 dise\u00f1os industriales y tres patentes\u201d, fortaleci\u00e9ndose la vinculaci\u00f3n con los tres \u00f3rdenes de gobierno, mediante proyectos estrat\u00e9gicos de alto impacto, como Puerto Seco en Ciudad Victoria y Puerto del Norte en Matamoros.<\/p>\n\n\n\n<p>AFIRMANDO el rector Damaso Anaya Alvarado que, \u201cel respaldo del gobernador, ha sido fundamental para fortalecer el modelo educativo humanista de la instituci\u00f3n\u201d. Resaltando as\u00ed, (el reconocimiento de la presidenta Claudia Sheinbaum Pardo, al trabajo encabezado por el gobernador Am\u00e9rico Villarreal Anaya).<\/p>\n\n\n\n<p>AL ASISTIR como invitado de honor al Segundo Informe del rector D\u00e1maso Anaya Alvarado, el mandatario estatal subray\u00f3 que, \u201cla UAT es estrat\u00e9gica para el desarrollo del estado, y que la visi\u00f3n impulsada, desde su Plan de Desarrollo Institucional, ha permitido fortalecer la misi\u00f3n universitaria en rubros como cobertura, calidad educativa, investigaci\u00f3n, vinculaci\u00f3n y responsabilidad social\u201d, reflejados, (en este informe de logros y resultados).<\/p>\n\n\n\n<p>EN SU elocuente mensaje, el gobernador Am\u00e9rico Villarreal Anaya destac\u00f3 la evoluci\u00f3n de la Universidad Aut\u00f3noma de Tamaulipas (UAT) hacia la excelencia, reconociendo que, \u201cla administraci\u00f3n rectoral, ha logrado una transformaci\u00f3n hist\u00f3rica al consolidar la calidad acad\u00e9mica y la vinculaci\u00f3n social, recuperando la misi\u00f3n sustantiva de la instituci\u00f3n en beneficio de Tamaulipas\u201d.<\/p>\n\n\n\n<p>INCLUSO el gobernador Villarreal Anaya, \u201cresalt\u00f3 los avances en ampliaci\u00f3n de la matr\u00edcula, diversificaci\u00f3n de la oferta acad\u00e9mica, fortalecimiento de la investigaci\u00f3n y crecimiento de la vinculaci\u00f3n con sectores productivos y gubernamentales\u201d. Reconociendo (a la UAT como aliada en proyectos estrat\u00e9gicos para Tamaulipas y como referente nacional por sus aportaciones cient\u00edficas y de innovaci\u00f3n).<\/p>\n\n\n\n<p>VILLARREAL Anaya, \u201ctambi\u00e9n hizo referencia al reciente reconocimiento expresado por la presidenta Claudia Sheinbaum Pardo a las aportaciones de la UAT en ciencia e innovaci\u00f3n, reconociendo a la casa de estudios como aliada fundamental en la transformaci\u00f3n de Tamaulipas\u201d.<\/p>\n\n\n\n<p>EL GOBERNADOR concluy\u00f3 su mensaje \u201cexhortando a la comunidad universitaria a mantener el rumbo de transformaci\u00f3n institucional,<\/p>\n\n\n\n<p>reconociendo a docentes, estudiantes y autoridades por consolidar una Universidad con sentido humanista, vocaci\u00f3n cient\u00edfica y compromiso con el futuro de Tamaulipas\u201d; raz\u00f3n por la que enfatiz\u00f3 que, \u201cla UAT, se consolida como pilar estrat\u00e9gico para el desarrollo del Estado\u201d-<\/p>\n\n\n\n<p>VILLARREAL Anaya, en plan certero, \u201ctambi\u00e9n hizo referencia al reciente reconocimiento expresado por la presidenta Claudia Sheinbaum Pardo a las aportaciones de la UAT en ciencia e innovaci\u00f3n, reconociendo a la casa de estudios como aliada fundamental en la transformaci\u00f3n de Tamaulipas\u201d.<\/p>\n\n\n\n<p>POR SU PARTE, el rector D\u00e1maso Anaya, resalt\u00f3 que, \u201cla presentaci\u00f3n de su informe ante la Asamblea Universitaria, es un ejercicio de rendici\u00f3n de cuentas que refrenda el rumbo de transformaci\u00f3n, fortalecimiento institucional y compromiso social de esta casa de estudios\u201d.<\/p>\n\n\n\n<p>AGRADECIENDO finalmente, la presencia del gobernador Am\u00e9rico Villarreal, de la Dra. Olga Hern\u00e1ndez Lim\u00f3n, representante del Luis Armando Gonz\u00e1lez Placencia, secretario general ejecutivo de la Asociaci\u00f3n Nacional de Universidades e Instituciones de Educaci\u00f3n Superior (ANUIES), as\u00ed como de la Dra. Mar\u00eda de Villarreal, presidenta del Sistema DIF Tamaulipas y la Lic. Isolda Rend\u00f3n de Anaya, presidenta de Familia UAT, en un marco que reafirm\u00f3 la convergencia entre universidad, gobierno e instituciones para fortalecer la educaci\u00f3n superior.<\/p>\n\n\n\n<p>Y, como parte del acto protocolario, el rector hizo entrega del documento de su Segundo Informe al gobernador del estado, en un acto que simboliz\u00f3 el compromiso institucional de la UAT con la transparencia, la rendici\u00f3n de cuentas y su contribuci\u00f3n al desarrollo de Tamaulipas.<\/p>\n\n\n\n<p>Por hoy es todo y hasta ma\u00f1ana.<\/p>\n\n\n\n<p>Para sugerencias y puntos de vista en general al email: lupeernesto@yahoo.com.mx<\/p>\n\n\n\n<p>&#8211; &#8211; &#8211; &#8211; &#8211; &#8211; &#8211; &#8211; &#8211; &#8211; &#8211; &#8211; &#8211; &#8211; &#8211; &#8211; &#8211; &#8211; &#8211; &#8211; &#8211; &#8211; &#8211; &#8211; &#8211; &#8211; &#8211; &#8211; &#8211; &#8211;<\/p>\n","protected":false},"excerpt":{"rendered":"<p>Por Guadalupe E. Gonz\u00e1lez X.-Reconoci\u00f3 al Gobernador Am\u00e9rico Villarreal, por su compromiso con la transparencia y la rendici\u00f3n de cuentas TRAS rendir su segundo Informe Institucional, el rector de la Universidad Aut\u00f3noma de Tamaulipas Damaso Anaya Alvarado, hizo patente su reconocimiento al gobernador Am\u00e9rico Villarreal, \u201cpor fortalecer el compromiso con la transparencia y la rendici\u00f3n &hellip;<\/p>\n","protected":false},"author":2,"featured_media":12311,"comment_status":"open","ping_status":"open","sticky":false,"template":"","format":"standard","meta":{"footnotes":""},"categories":[4,62],"tags":[],"class_list":["post-6097","post","type-post","status-publish","format-standard","has-post-thumbnail","","category-columnistas-fashion","category-portada"],"_links":{"self":[{"href":"https:\/\/norestedigital.net\/index.php\/wp-json\/wp\/v2\/posts\/6097","targetHints":{"allow":["GET"]}}],"collection":[{"href":"https:\/\/norestedigital.net\/index.php\/wp-json\/wp\/v2\/posts"}],"about":[{"href":"https:\/\/norestedigital.net\/index.php\/wp-json\/wp\/v2\/types\/post"}],"author":[{"embeddable":true,"href":"https:\/\/norestedigital.net\/index.php\/wp-json\/wp\/v2\/users\/2"}],"replies":[{"embeddable":true,"href":"https:\/\/norestedigital.net\/index.php\/wp-json\/wp\/v2\/comments?post=6097"}],"version-history":[{"count":3,"href":"https:\/\/norestedigital.net\/index.php\/wp-json\/wp\/v2\/posts\/6097\/revisions"}],"predecessor-version":[{"id":12388,"href":"https:\/\/norestedigital.net\/index.php\/wp-json\/wp\/v2\/posts\/6097\/revisions\/12388"}],"wp:featuredmedia":[{"embeddable":true,"href":"https:\/\/norestedigital.net\/index.php\/wp-json\/wp\/v2\/media\/12311"}],"wp:attachment":[{"href":"https:\/\/norestedigital.net\/index.php\/wp-json\/wp\/v2\/media?parent=6097"}],"wp:term":[{"taxonomy":"category","embeddable":true,"href":"https:\/\/norestedigital.net\/index.php\/wp-json\/wp\/v2\/categories?post=6097"},{"taxonomy":"post_tag","embeddable":true,"href":"https:\/\/norestedigital.net\/index.php\/wp-json\/wp\/v2\/tags?post=6097"}],"curies":[{"name":"wp","href":"https:\/\/api.w.org\/{rel}","templated":true}]}}