{"id":6105,"date":"2026-03-29T21:24:05","date_gmt":"2026-03-30T03:24:05","guid":{"rendered":"https:\/\/norestedigital.net\/?p=6105"},"modified":"2026-03-29T21:24:07","modified_gmt":"2026-03-30T03:24:07","slug":"tinta-negra-ven-posibilidades","status":"publish","type":"post","link":"https:\/\/norestedigital.net\/index.php\/2026\/03\/29\/tinta-negra-ven-posibilidades\/","title":{"rendered":"Tinta Negra \/\/ Ven posibilidades&#8230;"},"content":{"rendered":"\n<p><strong>Tinta Negra<\/strong><\/p>\n\n\n\n<p><em>Alfredo Guevara<\/em><\/p>\n\n\n\n<p><\/p>\n\n\n\n<p>Al margen del posible convenio de coalici\u00f3n, el Partido Verde Ecologista de M\u00e9xico ventil\u00f3 los nombres de quienes podr\u00edan ser sus candidatos en la pr\u00f3xima elecci\u00f3n intermedia.<\/p>\n\n\n\n<p>Y no fueron simples rumores, sino nombrados por el presidente del Partido Verde en Tamaulipas MANUEL MU\u00d1OZ CANO, no esperanzado en la alianza con Movimiento de Regeneraci\u00f3n Nacional ni tomando en cuenta al Partido del Trabajo.<\/p>\n\n\n\n<p>El presidente del Verde, confirm\u00f3 que los cuadros, de los que podr\u00eda disponer el partido, recorren colonias y fraccionamientos de los principales municipios de la entidad, con el objeto de que la gente, el electorado, los vaya identificando.<\/p>\n\n\n\n<p>Y es que, lo m\u00e1s seguro, es que llegando los tiempos pol\u00edticos electorales, lo m\u00e1s probable es que la mayor\u00eda de esos cuadros regresen al territorio, pero en condiciones de pedir el voto ciudadano.<\/p>\n\n\n\n<p>De entrada, MU\u00d1OZ CANO no descart\u00f3 la posibilidad de ser candidato del Verde Ecologista de M\u00e9xico en Tamaulipas en la elecci\u00f3n intermedia, en la que se elegir\u00e1n diputados federales, legisladores locales y alcaldes en los 43 municipios.<\/p>\n\n\n\n<p>MANUEL sabe, conoce y muy bien, no s\u00f3lo la problem\u00e1tica, sino tambi\u00e9n la soluci\u00f3n que se requiere para los problemas que enfrenta la Capital del Estado e incluso, municipios colindantes.<\/p>\n\n\n\n<p>Por consecuencia, las posibilidades de MU\u00d1OZ CANO est\u00e1n dadas para que sea candidato a diputado federal, a legislador del Congreso local e incluso, para presidente municipal de Victoria, insistimos, al margen de que haya o coalici\u00f3n con Morena y el PT.<\/p>\n\n\n\n<p>Otra de las cartas fuertes del Verde, dicho por MANUEL MU\u00d1OZ CANO, es el actual titular de la Secretar\u00eda de Desarrollo Urbano y Medio Ambiente KARL HEINZ BECKER HERN\u00c1NDEZ.<\/p>\n\n\n\n<p>MANUEL ubica a HEINZ como prospecto para cualquiera de los tres cargos de elecci\u00f3n popular que estar\u00e1n en juego en el 2027, toda vez que KARL es un joven pol\u00edtico, que ha tenido un crecimiento como servidor p\u00fablico en la administraci\u00f3n estatal, pero tambi\u00e9n conoce de estrategias pol\u00edticas.<\/p>\n\n\n\n<p>Ahora que es titular de Seduma, MANUEL no tiene la menor duda de que KARL HEINZ har\u00e1 un papel preponderante, porque para ello se ha preparado con el paso de los a\u00f1os.<\/p>\n\n\n\n<p>Los dos son fuertes prospectos del Partido Verde, aunque al momento de que lleguen los tiempos, cada uno de ellos decidir\u00e1 si se mantienen donde est\u00e9n o le dan la oportunidad a otros cuadros para que sean candidatos. EN FIN.<\/p>\n\n\n\n<p><a href=\"mailto:alfredoguevara0@gmail.com\">alfredoguevara0@gmail.com<\/a><\/p>\n","protected":false},"excerpt":{"rendered":"<p>Tinta Negra Alfredo Guevara Al margen del posible convenio de coalici\u00f3n, el Partido Verde Ecologista de M\u00e9xico ventil\u00f3 los nombres de quienes podr\u00edan ser sus candidatos en la pr\u00f3xima elecci\u00f3n intermedia. Y no fueron simples rumores, sino nombrados por el presidente del Partido Verde en Tamaulipas MANUEL MU\u00d1OZ CANO, no esperanzado en la alianza con &hellip;<\/p>\n","protected":false},"author":2,"featured_media":1318,"comment_status":"open","ping_status":"open","sticky":false,"template":"","format":"standard","meta":{"footnotes":""},"categories":[4],"tags":[],"class_list":["post-6105","post","type-post","status-publish","format-standard","has-post-thumbnail","","category-columnistas-fashion"],"_links":{"self":[{"href":"https:\/\/norestedigital.net\/index.php\/wp-json\/wp\/v2\/posts\/6105","targetHints":{"allow":["GET"]}}],"collection":[{"href":"https:\/\/norestedigital.net\/index.php\/wp-json\/wp\/v2\/posts"}],"about":[{"href":"https:\/\/norestedigital.net\/index.php\/wp-json\/wp\/v2\/types\/post"}],"author":[{"embeddable":true,"href":"https:\/\/norestedigital.net\/index.php\/wp-json\/wp\/v2\/users\/2"}],"replies":[{"embeddable":true,"href":"https:\/\/norestedigital.net\/index.php\/wp-json\/wp\/v2\/comments?post=6105"}],"version-history":[{"count":2,"href":"https:\/\/norestedigital.net\/index.php\/wp-json\/wp\/v2\/posts\/6105\/revisions"}],"predecessor-version":[{"id":9495,"href":"https:\/\/norestedigital.net\/index.php\/wp-json\/wp\/v2\/posts\/6105\/revisions\/9495"}],"wp:featuredmedia":[{"embeddable":true,"href":"https:\/\/norestedigital.net\/index.php\/wp-json\/wp\/v2\/media\/1318"}],"wp:attachment":[{"href":"https:\/\/norestedigital.net\/index.php\/wp-json\/wp\/v2\/media?parent=6105"}],"wp:term":[{"taxonomy":"category","embeddable":true,"href":"https:\/\/norestedigital.net\/index.php\/wp-json\/wp\/v2\/categories?post=6105"},{"taxonomy":"post_tag","embeddable":true,"href":"https:\/\/norestedigital.net\/index.php\/wp-json\/wp\/v2\/tags?post=6105"}],"curies":[{"name":"wp","href":"https:\/\/api.w.org\/{rel}","templated":true}]}}