{"id":6786,"date":"2026-03-04T18:05:56","date_gmt":"2026-03-05T00:05:56","guid":{"rendered":"https:\/\/norestedigital.net\/?p=6786"},"modified":"2026-03-04T18:07:53","modified_gmt":"2026-03-05T00:07:53","slug":"garantiza-gobierno-de-americo-villarreal-obra-publica-para-los-43-municipios-de-tamaulipas","status":"publish","type":"post","link":"https:\/\/norestedigital.net\/index.php\/2026\/03\/04\/garantiza-gobierno-de-americo-villarreal-obra-publica-para-los-43-municipios-de-tamaulipas\/","title":{"rendered":"Garantiza gobierno de Am\u00e9rico Villarreal obra p\u00fablica para los 43 municipios de Tamaulipas"},"content":{"rendered":"\n<p>Marzo 04 de 2026<\/p>\n\n\n\n<p>Ciudad Victoria, Tamaulipas. \u2013 En la reuni\u00f3n de trabajo \u201cPresidentas y Presidentes Municipales: Integraci\u00f3n y Coordinaci\u00f3n de la Obra P\u00fablica 2026\u201d, encabezada por el gobernador Am\u00e9rico Villarreal Anaya junto a parte de su gabinete estatal, se garantiz\u00f3 inversi\u00f3n en infraestructura para los 43 municipios de Tamaulipas, fortaleciendo as\u00ed la coordinaci\u00f3n y el desarrollo regional en la entidad.<\/p>\n\n\n\n<p>El titular de la Secretar\u00eda de Obras P\u00fablicas (SOP), Pedro Cepeda Anaya inform\u00f3 durante el encuentro el avance de proyectos estrat\u00e9gicos y los trabajos realizados en cada municipio para dar seguimiento a las acciones que se desarrollan en cada regi\u00f3n.<\/p>\n\n\n\n<p>\u201cAs\u00ed como se logr\u00f3 llevar obra p\u00fablica a todo el estado en el 2025, este a\u00f1o por indicaciones del gobernador, estamos llevando a cabo proyectos con el mismo objetivo, buscando ser ejemplo nacional en ejecuci\u00f3n de obra que cumpla con la modernizaci\u00f3n y tambi\u00e9n con la mejor calidad de vida para la poblaci\u00f3n\u201d, expres\u00f3 el Secretario.<\/p>\n\n\n\n<p>Cepeda Anaya reiter\u00f3 lo mencionado por el l\u00edder del Ejecutivo Estatal en cuanto al respaldo para continuar ejerciendo obra p\u00fablica humanista en los 43 municipios, donde a la fecha se ha invertido una cifra hist\u00f3rica superior a los 21 mil millones de pesos.<\/p>\n\n\n\n<p>Agreg\u00f3 que, se estar\u00e1 dejando un legado administrativo con impulso al crecimiento y desarrollo de visi\u00f3n humanista, asimismo, destac\u00f3 el manejo honesto y transparente de los recursos p\u00fablicos.<\/p>\n\n\n\n<figure class=\"wp-block-image\"><a href=\"https:\/\/www.tamaulipas.gob.mx\/wp-content\/uploads\/2026\/03\/SOP-028-2026.-Garantiza-gobierno-de-Americo-Villarreal-obra-publica-para-los-43-municipios-de-Tamaulipas-3.jpeg\"><img decoding=\"async\" src=\"https:\/\/www.tamaulipas.gob.mx\/wp-content\/uploads\/2026\/03\/SOP-028-2026.-Garantiza-gobierno-de-Americo-Villarreal-obra-publica-para-los-43-municipios-de-Tamaulipas-3-850x500.jpeg\" alt=\"\"\/><\/a><\/figure>\n\n\n\n<figure class=\"wp-block-image\"><a href=\"https:\/\/www.tamaulipas.gob.mx\/wp-content\/uploads\/2026\/03\/SOP-028-2026.-Garantiza-gobierno-de-Americo-Villarreal-obra-publica-para-los-43-municipios-de-Tamaulipas-4.jpeg\"><img decoding=\"async\" src=\"https:\/\/www.tamaulipas.gob.mx\/wp-content\/uploads\/2026\/03\/SOP-028-2026.-Garantiza-gobierno-de-Americo-Villarreal-obra-publica-para-los-43-municipios-de-Tamaulipas-4-850x500.jpeg\" alt=\"\"\/><\/a><\/figure>\n","protected":false},"excerpt":{"rendered":"<p>Marzo 04 de 2026 Ciudad Victoria, Tamaulipas. \u2013 En la reuni\u00f3n de trabajo \u201cPresidentas y Presidentes Municipales: Integraci\u00f3n y Coordinaci\u00f3n de la Obra P\u00fablica 2026\u201d, encabezada por el gobernador Am\u00e9rico Villarreal Anaya junto a parte de su gabinete estatal, se garantiz\u00f3 inversi\u00f3n en infraestructura para los 43 municipios de Tamaulipas, fortaleciendo as\u00ed la coordinaci\u00f3n y &hellip;<\/p>\n","protected":false},"author":2,"featured_media":6789,"comment_status":"open","ping_status":"open","sticky":false,"template":"","format":"standard","meta":{"footnotes":""},"categories":[49,62,10],"tags":[],"class_list":["post-6786","post","type-post","status-publish","format-standard","has-post-thumbnail","","category-gobierno-de-tamaulipas","category-portada","category-tam"],"_links":{"self":[{"href":"https:\/\/norestedigital.net\/index.php\/wp-json\/wp\/v2\/posts\/6786","targetHints":{"allow":["GET"]}}],"collection":[{"href":"https:\/\/norestedigital.net\/index.php\/wp-json\/wp\/v2\/posts"}],"about":[{"href":"https:\/\/norestedigital.net\/index.php\/wp-json\/wp\/v2\/types\/post"}],"author":[{"embeddable":true,"href":"https:\/\/norestedigital.net\/index.php\/wp-json\/wp\/v2\/users\/2"}],"replies":[{"embeddable":true,"href":"https:\/\/norestedigital.net\/index.php\/wp-json\/wp\/v2\/comments?post=6786"}],"version-history":[{"count":1,"href":"https:\/\/norestedigital.net\/index.php\/wp-json\/wp\/v2\/posts\/6786\/revisions"}],"predecessor-version":[{"id":6791,"href":"https:\/\/norestedigital.net\/index.php\/wp-json\/wp\/v2\/posts\/6786\/revisions\/6791"}],"wp:featuredmedia":[{"embeddable":true,"href":"https:\/\/norestedigital.net\/index.php\/wp-json\/wp\/v2\/media\/6789"}],"wp:attachment":[{"href":"https:\/\/norestedigital.net\/index.php\/wp-json\/wp\/v2\/media?parent=6786"}],"wp:term":[{"taxonomy":"category","embeddable":true,"href":"https:\/\/norestedigital.net\/index.php\/wp-json\/wp\/v2\/categories?post=6786"},{"taxonomy":"post_tag","embeddable":true,"href":"https:\/\/norestedigital.net\/index.php\/wp-json\/wp\/v2\/tags?post=6786"}],"curies":[{"name":"wp","href":"https:\/\/api.w.org\/{rel}","templated":true}]}}