{"id":7276,"date":"2025-04-27T13:31:04","date_gmt":"2025-04-27T19:31:04","guid":{"rendered":"https:\/\/norestedigital.net\/?p=7276"},"modified":"2026-03-06T13:37:56","modified_gmt":"2026-03-06T19:37:56","slug":"reanuda-la-uat-actividades-academicas-y-administrativas","status":"publish","type":"post","link":"https:\/\/norestedigital.net\/index.php\/2025\/04\/27\/reanuda-la-uat-actividades-academicas-y-administrativas\/","title":{"rendered":"Reanuda la UAT actividades acad\u00e9micas y administrativas"},"content":{"rendered":"\n<h3 class=\"wp-block-heading\">Reanuda la UAT actividades acad\u00e9micas y administrativas<\/h3>\n\n\n\n<p>27 de abril del 2025<\/p>\n\n\n\n<p><strong>\u00ab<\/strong>&nbsp;Conforme al Calendario Escolar Administrativo 2025, la Universidad Aut\u00f3noma de Tamaulipas (UAT) reanudar\u00e1 oficialmente este lunes 28 de abril las actividades acad\u00e9micas y administrativas en todas sus dependencias ubicadas en las regiones norte, centro y sur del estado, tras concluir el periodo vacacional de primavera, efectuado del 14 al 25 de este mismo mes.&nbsp;<strong>\u00ab<\/strong><\/p>\n\n\n\n<p>\u200b<\/p>\n\n\n\n<p>Ciudad Victoria, Tam.; 27 de abril de 2025.<\/p>\n\n\n\n<p>La reactivaci\u00f3n marca el inicio de la fase final del periodo 2025-1, caracterizada por procesos clave como evaluaciones institucionales, gesti\u00f3n de egresos, tr\u00e1mites de admisi\u00f3n y preparativos para los ciclos venideros.<br>Durante esta fase se llevar\u00e1n a cabo las evaluaciones finales ordinarias, del 12 al 16 de mayo; la conclusi\u00f3n de clases el 16 de mayo; y las evaluaciones extraordinarias, del 19 al 23 de mayo.<br>Paralelamente, se gestionar\u00e1n los procesos de admisi\u00f3n para el ciclo de oto\u00f1o 2025, destacando el cierre de registro de aspirantes el 29 de abril, y la tercera aplicaci\u00f3n del Examen de Admisi\u00f3n EXANI-II del CENEVAL el 20 de mayo, cuyos resultados se publicar\u00e1n el 6 de junio.<br>Cabe recordar que las primeras aplicaciones del EXANI-II se realizaron los d\u00edas 19 de marzo y 10 de abril, en cumplimiento con la planeaci\u00f3n institucional para garantizar transparencia en los procesos de ingreso.<br>En cuanto al periodo de clases de verano 2025, las reinscripciones se realizar\u00e1n del 29 de mayo al 6 de junio, con inicio de clases el 2 de junio.<br>La UAT enfatiza la importancia de consultar los canales oficiales de la Universidad y sus respectivas unidades acad\u00e9micas, facultades y escuelas para acceder a informaci\u00f3n actualizada sobre horarios, requisitos de tr\u00e1mites y fechas importantes.<br>Asimismo, reitera su compromiso con la excelencia educativa, la gesti\u00f3n eficiente y el bienestar de su comunidad, invitando a estudiantes, docentes y personal administrativo a integrarse con responsabilidad y colaboraci\u00f3n a esta etapa clave del a\u00f1o acad\u00e9mico.\u200b<\/p>\n","protected":false},"excerpt":{"rendered":"<p>Reanuda la UAT actividades acad\u00e9micas y administrativas 27 de abril del 2025 \u00ab&nbsp;Conforme al Calendario Escolar Administrativo 2025, la Universidad Aut\u00f3noma de Tamaulipas (UAT) reanudar\u00e1 oficialmente este lunes 28 de abril las actividades acad\u00e9micas y administrativas en todas sus dependencias ubicadas en las regiones norte, centro y sur del estado, tras concluir el periodo vacacional &hellip;<\/p>\n","protected":false},"author":2,"featured_media":7277,"comment_status":"open","ping_status":"open","sticky":false,"template":"","format":"standard","meta":{"footnotes":""},"categories":[42],"tags":[],"class_list":["post-7276","post","type-post","status-publish","format-standard","has-post-thumbnail","","category-uat"],"_links":{"self":[{"href":"https:\/\/norestedigital.net\/index.php\/wp-json\/wp\/v2\/posts\/7276","targetHints":{"allow":["GET"]}}],"collection":[{"href":"https:\/\/norestedigital.net\/index.php\/wp-json\/wp\/v2\/posts"}],"about":[{"href":"https:\/\/norestedigital.net\/index.php\/wp-json\/wp\/v2\/types\/post"}],"author":[{"embeddable":true,"href":"https:\/\/norestedigital.net\/index.php\/wp-json\/wp\/v2\/users\/2"}],"replies":[{"embeddable":true,"href":"https:\/\/norestedigital.net\/index.php\/wp-json\/wp\/v2\/comments?post=7276"}],"version-history":[{"count":1,"href":"https:\/\/norestedigital.net\/index.php\/wp-json\/wp\/v2\/posts\/7276\/revisions"}],"predecessor-version":[{"id":7278,"href":"https:\/\/norestedigital.net\/index.php\/wp-json\/wp\/v2\/posts\/7276\/revisions\/7278"}],"wp:featuredmedia":[{"embeddable":true,"href":"https:\/\/norestedigital.net\/index.php\/wp-json\/wp\/v2\/media\/7277"}],"wp:attachment":[{"href":"https:\/\/norestedigital.net\/index.php\/wp-json\/wp\/v2\/media?parent=7276"}],"wp:term":[{"taxonomy":"category","embeddable":true,"href":"https:\/\/norestedigital.net\/index.php\/wp-json\/wp\/v2\/categories?post=7276"},{"taxonomy":"post_tag","embeddable":true,"href":"https:\/\/norestedigital.net\/index.php\/wp-json\/wp\/v2\/tags?post=7276"}],"curies":[{"name":"wp","href":"https:\/\/api.w.org\/{rel}","templated":true}]}}