{"id":7632,"date":"2026-03-25T06:29:20","date_gmt":"2026-03-25T12:29:20","guid":{"rendered":"https:\/\/norestedigital.net\/?p=7632"},"modified":"2026-03-25T06:29:22","modified_gmt":"2026-03-25T12:29:22","slug":"desde-mi-aula-nuevo-sartet-para-el-magisterio-de-tamaulipas","status":"publish","type":"post","link":"https:\/\/norestedigital.net\/index.php\/2026\/03\/25\/desde-mi-aula-nuevo-sartet-para-el-magisterio-de-tamaulipas\/","title":{"rendered":"Desde mi Aula \/\/ \u00a1NUEVO SARTET PARA EL MAGISTERIO DE TAMAULIPAS!&#8230;"},"content":{"rendered":"\n<p>Prof. Miguel \u00c1ngel Tovar Tapia.<\/p>\n\n\n\n<p>La Lic. SANDRA IVONNE MEJIA BARCENA, Directora General del IPSSET, y previo a la visita de Alfonso Cepeda Salas, l\u00edder Nacional del SNTE, da a conocer la firma de convenio para la creaci\u00f3n de un Nuevo Fondo de Ahorro del Magisterio.<\/p>\n\n\n\n<p>El SINDICATO INDEPENDIENTE DE TRABAJADORES DE LA EDUCACION DE MEXICO, (SITEM) representado por su Secretario General, CARLOS EDUARDO GALLARDO CARRILES, este martes 24 de Marzo, llev\u00f3 a cabo la realizaci\u00f3n de este anhelado acto protocolario.<\/p>\n\n\n\n<p>Con el acuerdo de ambas partes, para la creaci\u00f3n de un Nuevo Sistema de Ahorro, que est\u00e1 dirigido a personal activo y pensionado, transferido y estatal que deseen integrarse. Y no es de dudarse que se puedan sumar otros sindicatos.<\/p>\n\n\n\n<p>Gracias al absoluto respaldo del Gobernador del Estado, Dr. Am\u00e9rico Villarreal Anaya. Ello fue posible.<\/p>\n\n\n\n<p>Nace un nuevo proyecto que inicia desde cero, buscando recuperar la confianza del magisterio de Tamaulipas. Y ya no vivir en la incertidumbre por el manejo de sus ahorros.<\/p>\n\n\n\n<p>Para nadie es un secreto la forma grosera en como el l\u00edder de la SECCION 30 gasta el dinero a manos llenas. Pago de hoteles, comidas, propaganda de campa\u00f1as, viajes, fiestas, etc.<\/p>\n\n\n\n<p>Todo indica que la confianza en la actual dirigencia sindical, ya no existe. En pol\u00edtica no hay casualidades. Se puede interpretar como un golpe bajo para Arnulfo y sus secuaces.<\/p>\n\n\n\n<p>Con ello, resulta muy claro que ya no es necesario para el sistema. Ni para pedir una orden de tacos de la estaci\u00f3n.<\/p>\n\n\n\n<p>De lo m\u00e1s delicado. Arnulfo Rodr\u00edguez no puede controlar que de manera constante est\u00e9n cerrando escuelas en nivel b\u00e1sico. Tal parece que su Secretario de Asuntos Jur\u00eddicos, JOEL ROQUE LEE no est\u00e1 haciendo el trabajo indicado.<\/p>\n\n\n\n<p>Mejor dicho, lo est\u00e1 haciendo de manera excelente, pero para la persona que est\u00e1 d\u00e1ndole las instrucciones, y con ello, buscar desestabilizar el sistema educativo en contubernio con las tres estrellas jur\u00eddicas de educaci\u00f3n b\u00e1sica.<\/p>\n\n\n\n<p>Objetivo, desgastar al Gobernador.<\/p>\n\n\n\n<p>Por lo que se percibe, se \u201ccomieron\u201d al l\u00edder de la barredora y a su primer espada. Y por supuesto a Valdez, titular de la SET.<\/p>\n\n\n\n<p>La anterior visita del l\u00edder nacional, se ten\u00eda programada para el pasado 26 de Febrero. Pero fue cancelada por temas de seguridad.<\/p>\n\n\n\n<p>Se reprogram\u00f3 para un mes despu\u00e9s. Ser\u00e1 este pr\u00f3ximo jueves 26 de Marzo.<\/p>\n\n\n\n<p>Asiste para inaugurar un nuevo edificio del SARTET. Facturado al doble de su precio real. Adem\u00e1s:<\/p>\n\n\n\n<p>\u00bfEstar\u00e1 buscando hacer \u201cnegociaciones\u201d pol\u00edticas?<\/p>\n\n\n\n<p>Pedir\u00e1 a los asistentes que se afilien a morena para lograr m\u00e1s conquistas sindicales?<\/p>\n\n\n\n<p>Talvez dir\u00e1 que la abrogaci\u00f3n del r\u00e9gimen pensionario de Cuentas Individuales va por excelente camino.<\/p>\n\n\n\n<p>Dar l\u00ednea para quien ser\u00e1 el nuevo secretario del comit\u00e9 seccional?<\/p>\n\n\n\n<p>O controlar la posible desbandada de afiliados al SNTE.<\/p>\n\n\n\n<p>En tanto todo eso sucede, felicidades a las Maestras y Maestros afiliados al SITEM.<\/p>\n\n\n\n<p>Despu\u00e9s de tanto esfuerzo, amenazas, desgaste emocional y dem\u00e1s presiones laborales, llegaron a la meta.<\/p>\n\n\n\n<p>DEMOSTRARON QUE SI SE PUEDE.<\/p>\n\n\n\n<p>UNA NUEVA OPCION DE AHORRO PARA EL MAGISTERIO.<\/p>\n\n\n\n<p>miguel_a_tovar_1607@hotmail.com<\/p>\n","protected":false},"excerpt":{"rendered":"<p>Prof. Miguel \u00c1ngel Tovar Tapia. La Lic. SANDRA IVONNE MEJIA BARCENA, Directora General del IPSSET, y previo a la visita de Alfonso Cepeda Salas, l\u00edder Nacional del SNTE, da a conocer la firma de convenio para la creaci\u00f3n de un Nuevo Fondo de Ahorro del Magisterio. El SINDICATO INDEPENDIENTE DE TRABAJADORES DE LA EDUCACION DE &hellip;<\/p>\n","protected":false},"author":2,"featured_media":1657,"comment_status":"open","ping_status":"open","sticky":false,"template":"","format":"standard","meta":{"footnotes":""},"categories":[4,62],"tags":[],"class_list":["post-7632","post","type-post","status-publish","format-standard","has-post-thumbnail","","category-columnistas-fashion","category-portada"],"_links":{"self":[{"href":"https:\/\/norestedigital.net\/index.php\/wp-json\/wp\/v2\/posts\/7632","targetHints":{"allow":["GET"]}}],"collection":[{"href":"https:\/\/norestedigital.net\/index.php\/wp-json\/wp\/v2\/posts"}],"about":[{"href":"https:\/\/norestedigital.net\/index.php\/wp-json\/wp\/v2\/types\/post"}],"author":[{"embeddable":true,"href":"https:\/\/norestedigital.net\/index.php\/wp-json\/wp\/v2\/users\/2"}],"replies":[{"embeddable":true,"href":"https:\/\/norestedigital.net\/index.php\/wp-json\/wp\/v2\/comments?post=7632"}],"version-history":[{"count":2,"href":"https:\/\/norestedigital.net\/index.php\/wp-json\/wp\/v2\/posts\/7632\/revisions"}],"predecessor-version":[{"id":9067,"href":"https:\/\/norestedigital.net\/index.php\/wp-json\/wp\/v2\/posts\/7632\/revisions\/9067"}],"wp:featuredmedia":[{"embeddable":true,"href":"https:\/\/norestedigital.net\/index.php\/wp-json\/wp\/v2\/media\/1657"}],"wp:attachment":[{"href":"https:\/\/norestedigital.net\/index.php\/wp-json\/wp\/v2\/media?parent=7632"}],"wp:term":[{"taxonomy":"category","embeddable":true,"href":"https:\/\/norestedigital.net\/index.php\/wp-json\/wp\/v2\/categories?post=7632"},{"taxonomy":"post_tag","embeddable":true,"href":"https:\/\/norestedigital.net\/index.php\/wp-json\/wp\/v2\/tags?post=7632"}],"curies":[{"name":"wp","href":"https:\/\/api.w.org\/{rel}","templated":true}]}}