{"id":7742,"date":"2026-03-09T20:21:00","date_gmt":"2026-03-10T02:21:00","guid":{"rendered":"https:\/\/norestedigital.net\/?p=7742"},"modified":"2026-03-10T12:24:36","modified_gmt":"2026-03-10T18:24:36","slug":"imparte-la-uat-talleres-de-actualizacion-e-innovacion-a-sus-docentes","status":"publish","type":"post","link":"https:\/\/norestedigital.net\/index.php\/2026\/03\/09\/imparte-la-uat-talleres-de-actualizacion-e-innovacion-a-sus-docentes\/","title":{"rendered":"Imparte la UAT talleres de actualizaci\u00f3n e innovaci\u00f3n a sus docentes"},"content":{"rendered":"\n<p>Ciudad Victoria, Tam.; 9 de marzo de 2026.<br>Imparte la UAT talleres de actualizaci\u00f3n e innovaci\u00f3n a sus docentes<br>El rector de la Universidad Aut\u00f3noma de Tamaulipas (UAT), D\u00e1maso Anaya Alvarado, inaugur\u00f3 un<br>programa de capacitaci\u00f3n dirigido al personal acad\u00e9mico de la instituci\u00f3n, enfocado en la<br>actualizaci\u00f3n tecnol\u00f3gica y la innovaci\u00f3n educativa.<br>Con la participaci\u00f3n de m\u00e1s de seiscientos docentes conectados a trav\u00e9s de la plataforma en l\u00ednea<br>Microsoft Teams, el rector presidi\u00f3 la ceremonia de apertura de las actividades que se estar\u00e1n<br>desarrollando mediante el Taller de Dise\u00f1o Did\u00e1ctico de Unidades de Ense\u00f1anza Aprendizaje (UEA)<br>e Impartici\u00f3n de C\u00e1tedra (IC).<br>En su mensaje, destac\u00f3 que esta actividad forma parte de la estrategia institucional para<br>consolidar la transformaci\u00f3n acad\u00e9mica con visi\u00f3n humanista, subrayando que la capacitaci\u00f3n<br>permanente del profesorado es fundamental para fortalecer los procesos acad\u00e9micos y formar<br>profesionistas preparados para los retos actuales.<br>Explic\u00f3 que el taller permitir\u00e1 a las y los docentes profundizar en el dise\u00f1o de elementos que son<br>esenciales para la organizaci\u00f3n de programas educativos y la evaluaci\u00f3n del aprendizaje; as\u00ed como<br>avanzar en el desarrollo de sus productos acad\u00e9micos con acompa\u00f1amiento y asesor\u00eda durante<br>todo el proceso.<br>En ese sentido, el taller incorpora herramientas de inteligencia artificial como apoyo para<br>optimizar el dise\u00f1o de actividades de aprendizaje y fortalecer la planeaci\u00f3n did\u00e1ctica; de igual<br>forma, busca impulsar el trabajo colegiado entre las academias y consolidar una cultura de mejora<br>continua en el dise\u00f1o curricular.<br>En el evento particip\u00f3 la secretaria acad\u00e9mica de la UAT, Rosa Issel Acosta Gonz\u00e1lez, quien<br>destac\u00f3 la importancia de continuar generando espacios de actualizaci\u00f3n que contribuyan a la<br>innovaci\u00f3n de la ense\u00f1anza y la transformaci\u00f3n del aprendizaje.<br>El programa incluye sesiones sobre Marco Introductorio y Metodolog\u00eda, impartido por la Mtra.<br>Cristabell Azuela Flores; Navegaci\u00f3n en la Plataforma UAT, a cargo del Dr. Noel Ruiz Olivares; y<br>Estrategias con Apoyo de Agentes Inteligentes, por el Mtro. Jos\u00e9 Luis Gerardo Gonz\u00e1lez Garc\u00eda.<\/p>\n","protected":false},"excerpt":{"rendered":"<p>Ciudad Victoria, Tam.; 9 de marzo de 2026.Imparte la UAT talleres de actualizaci\u00f3n e innovaci\u00f3n a sus docentesEl rector de la Universidad Aut\u00f3noma de Tamaulipas (UAT), D\u00e1maso Anaya Alvarado, inaugur\u00f3 unprograma de capacitaci\u00f3n dirigido al personal acad\u00e9mico de la instituci\u00f3n, enfocado en laactualizaci\u00f3n tecnol\u00f3gica y la innovaci\u00f3n educativa.Con la participaci\u00f3n de m\u00e1s de seiscientos docentes &hellip;<\/p>\n","protected":false},"author":2,"featured_media":7743,"comment_status":"open","ping_status":"open","sticky":false,"template":"","format":"standard","meta":{"footnotes":""},"categories":[42],"tags":[],"class_list":["post-7742","post","type-post","status-publish","format-standard","has-post-thumbnail","","category-uat"],"_links":{"self":[{"href":"https:\/\/norestedigital.net\/index.php\/wp-json\/wp\/v2\/posts\/7742","targetHints":{"allow":["GET"]}}],"collection":[{"href":"https:\/\/norestedigital.net\/index.php\/wp-json\/wp\/v2\/posts"}],"about":[{"href":"https:\/\/norestedigital.net\/index.php\/wp-json\/wp\/v2\/types\/post"}],"author":[{"embeddable":true,"href":"https:\/\/norestedigital.net\/index.php\/wp-json\/wp\/v2\/users\/2"}],"replies":[{"embeddable":true,"href":"https:\/\/norestedigital.net\/index.php\/wp-json\/wp\/v2\/comments?post=7742"}],"version-history":[{"count":1,"href":"https:\/\/norestedigital.net\/index.php\/wp-json\/wp\/v2\/posts\/7742\/revisions"}],"predecessor-version":[{"id":7744,"href":"https:\/\/norestedigital.net\/index.php\/wp-json\/wp\/v2\/posts\/7742\/revisions\/7744"}],"wp:featuredmedia":[{"embeddable":true,"href":"https:\/\/norestedigital.net\/index.php\/wp-json\/wp\/v2\/media\/7743"}],"wp:attachment":[{"href":"https:\/\/norestedigital.net\/index.php\/wp-json\/wp\/v2\/media?parent=7742"}],"wp:term":[{"taxonomy":"category","embeddable":true,"href":"https:\/\/norestedigital.net\/index.php\/wp-json\/wp\/v2\/categories?post=7742"},{"taxonomy":"post_tag","embeddable":true,"href":"https:\/\/norestedigital.net\/index.php\/wp-json\/wp\/v2\/tags?post=7742"}],"curies":[{"name":"wp","href":"https:\/\/api.w.org\/{rel}","templated":true}]}}