{"id":8038,"date":"2026-03-30T02:43:00","date_gmt":"2026-03-30T08:43:00","guid":{"rendered":"https:\/\/norestedigital.net\/?p=8038"},"modified":"2026-03-31T17:11:48","modified_gmt":"2026-03-31T23:11:48","slug":"trabajadores-de-la-educacion-respaldan-a-enrique-melendez-perez-para-impulsar-cambio-sindical","status":"publish","type":"post","link":"https:\/\/norestedigital.net\/index.php\/2026\/03\/30\/trabajadores-de-la-educacion-respaldan-a-enrique-melendez-perez-para-impulsar-cambio-sindical\/","title":{"rendered":"Trabajadores de la educaci\u00f3n respaldan a Enrique Mel\u00e9ndez para Impulsar el Cambio Sindical"},"content":{"rendered":"\n<p><strong>&nbsp;&nbsp;&nbsp;&nbsp;&nbsp;&nbsp;&nbsp;&nbsp;<\/strong><\/p>\n\n\n\n<p>Con un aforo de al rededor de 800 personas, Enrique Mel\u00e9ndez P\u00e9rez recibe decidido apoyo para sus pretensiones de llegar a la dirigencia de la Secci\u00f3n 30 del SNTE.<\/p>\n\n\n\n<p>Por Luz Mar\u00eda Ramos<\/p>\n\n\n\n<p>Ciudad Victoria, Tamaulipas .- Cientos de maestros, directivos y personal administrativo se reunieron para manifestar su apoyo al profesor Enrique Mel\u00e9ndez P\u00e9rez, aprovechando el encuentro para discutir temas sindicales y laborales que afectan tanto el presente como el futuro de su organizaci\u00f3n.<\/p>\n\n\n\n<p>Durante el evento, varios oradores compartieron sus propuestas y demandas al l\u00edder y candidato a la dirigencia seccional, recibiendo un fuerte respaldo de los asistentes. Jubilados, j\u00f3venes y docentes de distintos niveles expresaron su apoyo en un ambiente de entusiasmo y esperanza por la dignificaci\u00f3n de su lucha. Algunos asistentes se\u00f1alaron que la alegr\u00eda y el fervor del evento contrastaban notablemente con la reciente desilusi\u00f3n tras la ausencia de Alfonso Cepeda, l\u00edder nacional del SNTE.<\/p>\n\n\n\n<p>El apoyo hacia Enrique Melendez sigue creciendo, atrayendo a simpatizantes cansados de un liderazgo que consideran fr\u00edo, enga\u00f1oso y poco comprometido con las necesidades de la base. Su proyecto aboga por la inclusi\u00f3n de jubilados, mujeres y j\u00f3venes, lo que ha resonado positivamente entre los presentes.<\/p>\n\n\n\n<p>Bien por Enrique Mel\u00e9ndez que va sumando adeptos, simpatizantes, gente que est\u00e1 arta de un dirigente fr\u00edo, tramposo y mentiroso que no hace nada por la base. Bien por Enrique y por su proyecto que incluye a los jubilados, a las mujeres y a los j\u00f3venes<strong>.\u00a0\u00a0\u00a0\u00a0\u00a0\u00a0\u00a0\u00a0\u00a0\u00a0\u00a0\u00a0\u00a0\u00a0\u00a0\u00a0\u00a0\u00a0\u00a0\u00a0\u00a0\u00a0\u00a0\u00a0\u00a0\u00a0\u00a0\u00a0\u00a0\u00a0\u00a0\u00a0\u00a0\u00a0\u00a0\u00a0<\/strong><\/p>\n\n\n\n<figure class=\"wp-block-image size-large\"><img loading=\"lazy\" decoding=\"async\" width=\"1024\" height=\"815\" src=\"https:\/\/norestedigital.net\/wp-content\/uploads\/2026\/03\/image-4-1024x815.png\" alt=\"\" class=\"wp-image-9609\" srcset=\"https:\/\/norestedigital.net\/wp-content\/uploads\/2026\/03\/image-4-1024x815.png 1024w, https:\/\/norestedigital.net\/wp-content\/uploads\/2026\/03\/image-4-300x239.png 300w, https:\/\/norestedigital.net\/wp-content\/uploads\/2026\/03\/image-4-768x611.png 768w, https:\/\/norestedigital.net\/wp-content\/uploads\/2026\/03\/image-4-1536x1222.png 1536w, https:\/\/norestedigital.net\/wp-content\/uploads\/2026\/03\/image-4.png 2048w\" sizes=\"auto, (max-width: 1024px) 100vw, 1024px\" \/><\/figure>\n","protected":false},"excerpt":{"rendered":"<p>&nbsp;&nbsp;&nbsp;&nbsp;&nbsp;&nbsp;&nbsp;&nbsp; Con un aforo de al rededor de 800 personas, Enrique Mel\u00e9ndez P\u00e9rez recibe decidido apoyo para sus pretensiones de llegar a la dirigencia de la Secci\u00f3n 30 del SNTE. Por Luz Mar\u00eda Ramos Ciudad Victoria, Tamaulipas .- Cientos de maestros, directivos y personal administrativo se reunieron para manifestar su apoyo al profesor Enrique Mel\u00e9ndez &hellip;<\/p>\n","protected":false},"author":2,"featured_media":9606,"comment_status":"open","ping_status":"open","sticky":false,"template":"","format":"standard","meta":{"footnotes":""},"categories":[37],"tags":[],"class_list":["post-8038","post","type-post","status-publish","format-standard","has-post-thumbnail","","category-nuevo-laredo"],"_links":{"self":[{"href":"https:\/\/norestedigital.net\/index.php\/wp-json\/wp\/v2\/posts\/8038","targetHints":{"allow":["GET"]}}],"collection":[{"href":"https:\/\/norestedigital.net\/index.php\/wp-json\/wp\/v2\/posts"}],"about":[{"href":"https:\/\/norestedigital.net\/index.php\/wp-json\/wp\/v2\/types\/post"}],"author":[{"embeddable":true,"href":"https:\/\/norestedigital.net\/index.php\/wp-json\/wp\/v2\/users\/2"}],"replies":[{"embeddable":true,"href":"https:\/\/norestedigital.net\/index.php\/wp-json\/wp\/v2\/comments?post=8038"}],"version-history":[{"count":5,"href":"https:\/\/norestedigital.net\/index.php\/wp-json\/wp\/v2\/posts\/8038\/revisions"}],"predecessor-version":[{"id":9611,"href":"https:\/\/norestedigital.net\/index.php\/wp-json\/wp\/v2\/posts\/8038\/revisions\/9611"}],"wp:featuredmedia":[{"embeddable":true,"href":"https:\/\/norestedigital.net\/index.php\/wp-json\/wp\/v2\/media\/9606"}],"wp:attachment":[{"href":"https:\/\/norestedigital.net\/index.php\/wp-json\/wp\/v2\/media?parent=8038"}],"wp:term":[{"taxonomy":"category","embeddable":true,"href":"https:\/\/norestedigital.net\/index.php\/wp-json\/wp\/v2\/categories?post=8038"},{"taxonomy":"post_tag","embeddable":true,"href":"https:\/\/norestedigital.net\/index.php\/wp-json\/wp\/v2\/tags?post=8038"}],"curies":[{"name":"wp","href":"https:\/\/api.w.org\/{rel}","templated":true}]}}