{"id":8192,"date":"2026-03-13T16:43:24","date_gmt":"2026-03-13T22:43:24","guid":{"rendered":"https:\/\/norestedigital.net\/?p=8192"},"modified":"2026-03-13T16:43:26","modified_gmt":"2026-03-13T22:43:26","slug":"ofrecen-lectura-en-braille-a-ninos-de-primaria-en-la-biblioteca-fidel-cuellar","status":"publish","type":"post","link":"https:\/\/norestedigital.net\/index.php\/2026\/03\/13\/ofrecen-lectura-en-braille-a-ninos-de-primaria-en-la-biblioteca-fidel-cuellar\/","title":{"rendered":"OFRECEN LECTURA EN BRAILLE A NI\u00d1OS DE PRIMARIA EN LA BIBLIOTECA \u00abFIDEL CU\u00c9LLAR\u00bb"},"content":{"rendered":"\n<p>OFRECEN LECTURA EN BRAILLE A NI\u00d1OS DE PRIMARIA EN LA BIBLIOTECA \u00abFIDEL CU\u00c9LLAR\u00bb<\/p>\n\n\n\n<p>Estudiantes de cuarto a\u00f1o \u00abB\u00bb de la escuela primaria \u00abRevoluci\u00f3n\u00bb vivieron de cerca las formas en las que se desenvuelven en la vida las personas invidentes a trav\u00e9s de lecturas en Braille y din\u00e1micas l\u00fadicas para promover en ellos la sensibilizaci\u00f3n y la empat\u00eda sobre lo que representa la ceguera.<\/p>\n\n\n\n<p>La actividad se llev\u00f3 a cabo en la biblioteca \u00abFidel Cu\u00e9llar\u00bb y la lectura estuvo a cargo de Luc\u00eda Medell\u00edn P\u00e9rez, una persona invidente que labora en el recinto mencionado.<\/p>\n\n\n\n<p>A trav\u00e9s del libro titulado \u00abAnimales. Poemas breves salvajes\u00bb, de la escritora Mar\u00eda Jos\u00e9 Ferrales, se les adentr\u00f3 al mundo de la literatura y a formas especiales de lectura y escritura que utilizan las personas con discapacidad visual.<\/p>\n\n\n\n<p>De igual forma, para llegar a la biblioteca los ni\u00f1os cruzaron la calle, guiados por Luc\u00eda Medell\u00edn para que supieran c\u00f3mo transitan por la ciudad las personas como ella.<\/p>\n\n\n\n<p>Despu\u00e9s de la lectura, organizados por el bibliotecario Aldo Cobio, en el recinto los ni\u00f1os vendaron sus ojos y se desplazaron por el lugar sorteando diversos obst\u00e1culos, guiados por la voz de sus compa\u00f1eros para finalmente colocar en un recipiente una pelota que portaban en sus manos.<\/p>\n\n\n\n<p>\u00abEs importante que seamos sensibles y emp\u00e1ticos con las personas con discapacidad y que ustedes sepan c\u00f3mo son sus formas de vida y que hay sistemas, como el Braille y aplicaciones de las nuevas tecnolog\u00edas con las cuales ellos se comunican, se informan y que adem\u00e1s tambi\u00e9n tienen el derecho de integrarse al campo laboral\u00bb, dijo Marcos Rodr\u00edguez Leija, Coordinador de Bibliotecas, quien los invit\u00f3 a conocer de cerca la vida de la escritora sordociega Helen Keller.<\/p>\n\n\n\n<p>La profesora Ana Elvira Franco Cavazos, maestra de 4\u2070 \u00abB\u00bb de la escuela \u00abRevoluci\u00f3n\u00bb agradeci\u00f3 al gobierno municipal este tipo de iniciativas que permiten ampliar el conocimiento y sensibilizar a los ni\u00f1os sobre la discapacidad.<\/p>\n\n\n\n<p>En Nuevo Laredo, de acuerdo con el \u00faltimo censo de poblaci\u00f3n hay 30 mil 457 personas con limitaciones para ver incluso usando lentes y 8 mil 798 son invidentes. Las mujeres de 50 a 54 a\u00f1os y hombres de 60 a 64 a\u00f1os son los grupos m\u00e1s afectados y esta discapacidad es la m\u00e1s com\u00fan en la ciudad, superando a la f\u00edsica.<\/p>\n","protected":false},"excerpt":{"rendered":"<p>OFRECEN LECTURA EN BRAILLE A NI\u00d1OS DE PRIMARIA EN LA BIBLIOTECA \u00abFIDEL CU\u00c9LLAR\u00bb Estudiantes de cuarto a\u00f1o \u00abB\u00bb de la escuela primaria \u00abRevoluci\u00f3n\u00bb vivieron de cerca las formas en las que se desenvuelven en la vida las personas invidentes a trav\u00e9s de lecturas en Braille y din\u00e1micas l\u00fadicas para promover en ellos la sensibilizaci\u00f3n y &hellip;<\/p>\n","protected":false},"author":2,"featured_media":8193,"comment_status":"open","ping_status":"open","sticky":false,"template":"","format":"standard","meta":{"footnotes":""},"categories":[37],"tags":[],"class_list":["post-8192","post","type-post","status-publish","format-standard","has-post-thumbnail","","category-nuevo-laredo"],"_links":{"self":[{"href":"https:\/\/norestedigital.net\/index.php\/wp-json\/wp\/v2\/posts\/8192","targetHints":{"allow":["GET"]}}],"collection":[{"href":"https:\/\/norestedigital.net\/index.php\/wp-json\/wp\/v2\/posts"}],"about":[{"href":"https:\/\/norestedigital.net\/index.php\/wp-json\/wp\/v2\/types\/post"}],"author":[{"embeddable":true,"href":"https:\/\/norestedigital.net\/index.php\/wp-json\/wp\/v2\/users\/2"}],"replies":[{"embeddable":true,"href":"https:\/\/norestedigital.net\/index.php\/wp-json\/wp\/v2\/comments?post=8192"}],"version-history":[{"count":1,"href":"https:\/\/norestedigital.net\/index.php\/wp-json\/wp\/v2\/posts\/8192\/revisions"}],"predecessor-version":[{"id":8194,"href":"https:\/\/norestedigital.net\/index.php\/wp-json\/wp\/v2\/posts\/8192\/revisions\/8194"}],"wp:featuredmedia":[{"embeddable":true,"href":"https:\/\/norestedigital.net\/index.php\/wp-json\/wp\/v2\/media\/8193"}],"wp:attachment":[{"href":"https:\/\/norestedigital.net\/index.php\/wp-json\/wp\/v2\/media?parent=8192"}],"wp:term":[{"taxonomy":"category","embeddable":true,"href":"https:\/\/norestedigital.net\/index.php\/wp-json\/wp\/v2\/categories?post=8192"},{"taxonomy":"post_tag","embeddable":true,"href":"https:\/\/norestedigital.net\/index.php\/wp-json\/wp\/v2\/tags?post=8192"}],"curies":[{"name":"wp","href":"https:\/\/api.w.org\/{rel}","templated":true}]}}