{"id":8300,"date":"2026-03-14T18:33:12","date_gmt":"2026-03-15T00:33:12","guid":{"rendered":"https:\/\/norestedigital.net\/?p=8300"},"modified":"2026-03-14T18:33:56","modified_gmt":"2026-03-15T00:33:56","slug":"muere-actriz-de-televisa-y-la-despiden-con-emotivos-mensajes-con-ella-se-va-tambien-una-epoca","status":"publish","type":"post","link":"https:\/\/norestedigital.net\/index.php\/2026\/03\/14\/muere-actriz-de-televisa-y-la-despiden-con-emotivos-mensajes-con-ella-se-va-tambien-una-epoca\/","title":{"rendered":"Muere actriz de Televisa y la despiden con emotivos mensajes: \u00abCon ella se va tambi\u00e9n una \u00e9poca\u00bb"},"content":{"rendered":"\n<p>El luto se hizo presente en la industria del entretenimiento por la&nbsp;<strong>muerte&nbsp;<\/strong>de la primera actriz<strong>&nbsp;Gemma Cuervo de Igartua<\/strong>, quien fue mejor conocida como<strong>&nbsp;Gemma Cuervo<\/strong>. La estrella de cine, teatro y televisi\u00f3n nacida en Barcelona, Espa\u00f1a, perdi\u00f3 la vida hoy,14 de marzo, a los 91 a\u00f1os de edad.<\/p>\n\n\n\n<p>licenciaturas.utel-universidad.com\u00b7<a href=\"https:\/\/account.microsoft.com\/privacy\/ad-settings\" target=\"_blank\" rel=\"noreferrer noopener\">Patrocinado<\/a><\/p>\n\n\n\n<p>La primera&nbsp;<strong>actriz espa\u00f1ola&nbsp;<\/strong>falleci\u00f3 en&nbsp;<strong>Madrid<\/strong>, dio a conocer la prensa del extranjero. La noticia causa revuelo en&nbsp;<strong>M\u00e9xico<\/strong>, ya que se sum\u00f3 a las filas de&nbsp;<strong>Televisa&nbsp;<\/strong>al actuar en la telenovela&nbsp;<strong>\u201cLa pasi\u00f3n de Isabela\u201d&nbsp;<\/strong>(1984), que fue producida y dirigida por&nbsp;<strong>Carlos T\u00e9llez<\/strong>.<\/p>\n\n\n\n<h2 class=\"wp-block-heading\">Fallece Gemma Cuervo, actriz espa\u00f1ola que actu\u00f3 en&nbsp;\u201cLa pasi\u00f3n de Isabela\u201d<\/h2>\n\n\n\n<p>La&nbsp;<strong>telenovela mexicana<\/strong>, que fue emitida por&nbsp;<strong>El canal de las estrellas<\/strong>, fue protagonizada por&nbsp;<strong>Ana Mart\u00edn&nbsp;<\/strong>y&nbsp;<strong>H\u00e9ctor Bonilla<\/strong>. La historia est\u00e1 ambientada en los a\u00f1os 40 y gira en torno al cabaret&nbsp;<strong>Kumbala<\/strong>, as\u00ed como a la alta sociedad mexicana y el romance de Isabela y Adolfo.<\/p>\n\n\n\n<p>Por ende,&nbsp;<strong>Gemma Cuervo&nbsp;<\/strong>es recordada por su actuaci\u00f3n en&nbsp;<strong>\u201cLa pasi\u00f3n de Isabela\u201d<\/strong>. Adem\u00e1s, la fallecida&nbsp;<strong>primera actriz espa\u00f1ola<\/strong>&nbsp;forj\u00f3 una prominente carrera en su natal Espa\u00f1a, ya que debut\u00f3 en los a\u00f1os 50 y&nbsp;trabaj\u00f3 tanto en el&nbsp;<strong>cine&nbsp;<\/strong>como en el&nbsp;<strong>teatro&nbsp;<\/strong>y la&nbsp;<strong>televisi\u00f3n<\/strong>. Por lo mismo, cautiv\u00f3 con su talento durante m\u00e1s de seis d\u00e9cadas.<img decoding=\"async\" src=\"https:\/\/img-s-msn-com.akamaized.net\/tenant\/amp\/entityid\/AA1YDBun.img?w=768&amp;h=400&amp;m=6&amp;x=285&amp;y=60&amp;s=123&amp;d=123\" alt=\"Gemma Cuervo falleci\u00f3 a los 91 a\u00f1os de edad. Foto: Instagram.\"><\/p>\n\n\n\n<p>Gemma Cuervo falleci\u00f3 a los 91 a\u00f1os de edad. Foto: Instagram.<\/p>\n\n\n\n<h2 class=\"wp-block-heading\">Qui\u00e9n fue&nbsp;Gemma Cuervo<\/h2>\n\n\n\n<p>Dos de los proyectos m\u00e1s recordados de la&nbsp;<strong>actriz espa\u00f1ola&nbsp;<\/strong>son&nbsp;<strong>\u201cAqu\u00ed no hay quien viva\u201d<\/strong>&nbsp;y&nbsp;<strong>\u201cLa que se avecina\u201d<\/strong>, en los que les dio vida a Vicenta y Maritere, respectivamente. Igual actu\u00f3 en<strong>&nbsp;\u201cM\u00e9dico de familia\u201d&nbsp;<\/strong>y tuvo el rol de Consuelo.<\/p>\n\n\n\n<h3 class=\"wp-block-heading\">El adi\u00f3s de Antonio Banderas para Gemma Cuervo<\/h3>\n\n\n\n<p>La muerte de&nbsp;<strong>Gemma Cuervo<\/strong>&nbsp;causa tristeza entre sus compa\u00f1eros del medio, quienes la despiden con emotivos&nbsp;<strong>mensajes<\/strong>. Muestra de esto es el actor&nbsp;<strong>Antonio Banderas<\/strong>, quien expres\u00f3 lo siguiente:&nbsp;<\/p>\n\n\n\n<blockquote class=\"wp-block-quote is-layout-flow wp-block-quote-is-layout-flow\">\n<p>\u201cAdi\u00f3s a una actriz gigantesca, una leyenda de la actuaci\u00f3n. Con ella se va tambi\u00e9n una \u00e9poca, una generaci\u00f3n, una manera de hacer (las cosas). Mis sentidas y emocionadas condolencias a su familia y amigos\u201d.<\/p>\n<\/blockquote>\n\n\n\n<h3 class=\"wp-block-heading\">La reflexi\u00f3n de Gemma Cuervo acerca de la vida y la muerte<\/h3>\n\n\n\n<p>Antes de dar su \u00faltimo aliento&nbsp;<\/p>\n\n\n\n<p><strong>Gemma Cuervo<\/strong><\/p>\n\n\n\n<p>comparti\u00f3 una<\/p>\n\n\n\n<p><strong>reflexi\u00f3n acerca de la vida y la muerte<\/strong><\/p>\n\n\n\n<p>&nbsp;que ahora gana fuerza, de acuerdo con la prensa del extranjero.<\/p>\n\n\n\n<p><strong>\u201cLa vida es demasiado breve para no hacerlo\u201d<\/strong><\/p>\n\n\n\n<p>, expres\u00f3 la<\/p>\n\n\n\n<p><strong>actriz espa\u00f1ola<\/strong><\/p>\n\n\n\n<p>, quien vivi\u00f3 sus \u00faltimos a\u00f1os lejos de los reflectores porque se enfoc\u00f3 en estar con su familia, aunque v\u00eda redes sociales hac\u00eda una que otra aparici\u00f3n.<\/p>\n","protected":false},"excerpt":{"rendered":"<p>El luto se hizo presente en la industria del entretenimiento por la&nbsp;muerte&nbsp;de la primera actriz&nbsp;Gemma Cuervo de Igartua, quien fue mejor conocida como&nbsp;Gemma Cuervo. La estrella de cine, teatro y televisi\u00f3n nacida en Barcelona, Espa\u00f1a, perdi\u00f3 la vida hoy,14 de marzo, a los 91 a\u00f1os de edad. licenciaturas.utel-universidad.com\u00b7Patrocinado La primera&nbsp;actriz espa\u00f1ola&nbsp;falleci\u00f3 en&nbsp;Madrid, dio a conocer &hellip;<\/p>\n","protected":false},"author":2,"featured_media":8303,"comment_status":"open","ping_status":"open","sticky":false,"template":"","format":"standard","meta":{"footnotes":""},"categories":[44],"tags":[],"class_list":["post-8300","post","type-post","status-publish","format-standard","has-post-thumbnail","","category-espectaculos"],"_links":{"self":[{"href":"https:\/\/norestedigital.net\/index.php\/wp-json\/wp\/v2\/posts\/8300","targetHints":{"allow":["GET"]}}],"collection":[{"href":"https:\/\/norestedigital.net\/index.php\/wp-json\/wp\/v2\/posts"}],"about":[{"href":"https:\/\/norestedigital.net\/index.php\/wp-json\/wp\/v2\/types\/post"}],"author":[{"embeddable":true,"href":"https:\/\/norestedigital.net\/index.php\/wp-json\/wp\/v2\/users\/2"}],"replies":[{"embeddable":true,"href":"https:\/\/norestedigital.net\/index.php\/wp-json\/wp\/v2\/comments?post=8300"}],"version-history":[{"count":1,"href":"https:\/\/norestedigital.net\/index.php\/wp-json\/wp\/v2\/posts\/8300\/revisions"}],"predecessor-version":[{"id":8305,"href":"https:\/\/norestedigital.net\/index.php\/wp-json\/wp\/v2\/posts\/8300\/revisions\/8305"}],"wp:featuredmedia":[{"embeddable":true,"href":"https:\/\/norestedigital.net\/index.php\/wp-json\/wp\/v2\/media\/8303"}],"wp:attachment":[{"href":"https:\/\/norestedigital.net\/index.php\/wp-json\/wp\/v2\/media?parent=8300"}],"wp:term":[{"taxonomy":"category","embeddable":true,"href":"https:\/\/norestedigital.net\/index.php\/wp-json\/wp\/v2\/categories?post=8300"},{"taxonomy":"post_tag","embeddable":true,"href":"https:\/\/norestedigital.net\/index.php\/wp-json\/wp\/v2\/tags?post=8300"}],"curies":[{"name":"wp","href":"https:\/\/api.w.org\/{rel}","templated":true}]}}