{"id":8368,"date":"2026-03-31T07:28:06","date_gmt":"2026-03-31T13:28:06","guid":{"rendered":"https:\/\/norestedigital.net\/?p=8368"},"modified":"2026-03-31T07:28:21","modified_gmt":"2026-03-31T13:28:21","slug":"teclazos-entre-el-temor-y-la-zozobra","status":"publish","type":"post","link":"https:\/\/norestedigital.net\/index.php\/2026\/03\/31\/teclazos-entre-el-temor-y-la-zozobra\/","title":{"rendered":"TECLAZOS \/\/ \u201cENTRE EL TEMOR Y LA ZOZOBRA\u201d"},"content":{"rendered":"\n<p>Por Guadalupe E. Gonz\u00e1lez<\/p>\n\n\n\n<p><\/p>\n\n\n\n<p>X.-Ladrones de cuello blanco, saben que \u201cles llegar\u00e1 la hora\u201d, para que aclaren cuentas las p\u00fablicas<\/p>\n\n\n\n<p>REZA EL adagio que, \u201clos que la hacen la tienen que pagar\u201d y, por este motivo, se vislumbra \u201cel temor y la zozobra\u201d entre ex presidentes municipales, ex titulares de organismos del agua (Comapas) y dem\u00e1s dependencias que en el pret\u00e9rito manejaron recursos p\u00fablicos, porque, saben que, \u201cla ley es la ley y no tendr\u00e1n escapatoria judicial\u201d.<\/p>\n\n\n\n<p>ESTE dilema por el que, de \u201cIpso Facto e Ipso Jure\u201d, (es decir, de hecho y de derecho atraviesan pol\u00edticos oportunistas de baja caterva moral), saben que, se encuentran \u201cal borde del llamado al banquillo de los acusados\u201d y, eso por obviedad, \u201clos trae con la desesperaci\u00f3n, el susurro y la inquietud encima\u201d, aunque algunos, \u201ccreen que, no va a pasar nada\u201d pero, como dispusieron de recursos de los pueblos que gobernaron y, de las dependencias que ten\u00edan bajo su mando, hoy las cosas ser\u00e1n diferentes, porque \u201cno quedar\u00e1n exonerados\u201d de la responsabilidad financiera que, hasta hoy en d\u00eda, no han solventado.<\/p>\n\n\n\n<p>POR este motivo, la Unidad de Inteligencia Financiera, as\u00ed como las Fiscal\u00edas General de Justicia, la de Anticorrupci\u00f3n y el propio Congreso del Estado, les depara mucho trabajo sobre este menester jur\u00eddico-financiero, para que, los presuntos responsables, \u201cacudan a solventar las cuentas o enderezar el barco\u201d como se dice en el argot popular, cuyo tema, sin lugar a dudas se habr\u00e1 de tornar interesante, porque este inconcluso tema, ha despertado claro inter\u00e9s, para que, \u201cse aplique la ley a los presuntos ladrones de cuello blanco\u201d.<\/p>\n\n\n\n<p>EN LOS pasados gobiernos del PRI y del PAN, respectivamente, \u201cno pasaba nada\u201d en esta clase de escenarios, pero hoy el panorama pol\u00edtico-financiero pinta diferente, para que, aquellos actores pol\u00edticos que, (se fueron bien llenos $$$), tengan la certeza que, jur\u00eddicamente, \u201cestar\u00e1n obligados a regresar lo robado\u201d, porque s\u00e9pase y enti\u00e9ndase que, los n\u00fameros como parte y esencia de las ciencias exactas, no mienten.<\/p>\n\n\n\n<p>SIN embargo, hay actores pol\u00edticos que, en plan rimbombante, siguen pensando que, \u201cno pasar\u00e1 nada\u201d, pero hoy, al tenerse nuevas autoridades en el poder Judicial y, habiendo numerosas \u201cActas circunstanciadas o legales\u201d en contra de ex funcionarios p\u00fablicos por, pendientes financieros en la UIF y en la Fiscal\u00eda Anticorrupci\u00f3n, repito, por \u201cel tema de cuentas p\u00fablicas y otros\u201d, esto, habr\u00e1 de originar reacciones de aquellos que, saben que \u201cles podr\u00eda caer la voladora\u201d o sea la correspondiente orden de presentaci\u00f3n o de aprehensi\u00f3n.<\/p>\n\n\n\n<p>LAS medidas rigurosas a aplicarse, por los presuntos hurtos de dineros p\u00fablicos, \u201cno ser\u00e1n venganzas, ni persecuciones judiciales o pol\u00edticas\u201d. Porque el actuar de las autoridades en turno, ser\u00e1 en apego a derecho, as\u00ed es que, \u201cs\u00ed, se obra en consecuencia\u201d como se vislumbra en este escenario, \u201ciremos viendo quienes ser\u00e1n los llamados a rendir cuentas\u201d y mas all\u00e1 de eso, que har\u00e1n estos en caso de ser requeridos, cuyo proceder se antoja interesante, porque, \u201cse sentar\u00eda un precedente de dimensiones descomunales e incre\u00edbles\u201d, \u00bfverdad?<\/p>\n\n\n\n<p>ADEM\u00c1S, recordemos que, \u201cel saqueo de recursos p\u00fablicos de las arcas municipales y de organismos del agua\u201d, es un tema que, hoy parce no quedar\u00e1 a la deriva, como suced\u00eda en el pasado. Sin embargo, (a\u00fan hay muchos actores pol\u00edticos que, no dan cr\u00e9dito a este proceder legal) pero, como se tienen de por medio denuncias pendientes, por extralimitaciones financieras en algunos Ayuntamientos y Comapas, esto, por consiguiente, \u201ces el parte aguas\u201d de la presunta acci\u00f3n legal contra los ex funcionarios p\u00fablicos que, en plan de oportunismo\u201d se adjudicaron recursos del pueblo.<\/p>\n\n\n\n<p>PARA concluir, queda claro que, \u201cel requerimiento a solventar cuentas p\u00fablicas pendientes\u201d, no ser\u00e1 solo un ejercicio pol\u00edtico estilo cinematogr\u00e1fico, sino un proceder tajante y certero para que, \u201clos presuntos responsables\u201d quieran o no, tendr\u00e1n que \u201cser sentados en el banquillo de los ladrones de cuello blanco\u201d as\u00ed es que, veremos y diremos, porque la verdad este proceder judicial estar\u00e1 mega interesante y ser\u00eda hist\u00f3rico.<\/p>\n\n\n\n<p>Por hoy es todo y hasta ma\u00f1ana.<\/p>\n\n\n\n<p>Para sugerencias y puntos de vista en general al email: lupeernesto@yahoo.com.mx<\/p>\n\n\n\n<p>&#8211; &#8211; &#8211; &#8211; &#8211; &#8211; &#8211; &#8211; &#8211; &#8211; &#8211; &#8211; &#8211; &#8211; &#8211; &#8211; &#8211; &#8211; &#8211; &#8211; &#8211; &#8211; &#8211; &#8211; &#8211; &#8211; &#8211; &#8211; &#8211; &#8211;<\/p>\n","protected":false},"excerpt":{"rendered":"<p>Por Guadalupe E. Gonz\u00e1lez X.-Ladrones de cuello blanco, saben que \u201cles llegar\u00e1 la hora\u201d, para que aclaren cuentas las p\u00fablicas REZA EL adagio que, \u201clos que la hacen la tienen que pagar\u201d y, por este motivo, se vislumbra \u201cel temor y la zozobra\u201d entre ex presidentes municipales, ex titulares de organismos del agua (Comapas) y &hellip;<\/p>\n","protected":false},"author":2,"featured_media":9615,"comment_status":"open","ping_status":"open","sticky":false,"template":"","format":"standard","meta":{"footnotes":""},"categories":[4,62],"tags":[],"class_list":["post-8368","post","type-post","status-publish","format-standard","has-post-thumbnail","","category-columnistas-fashion","category-portada"],"_links":{"self":[{"href":"https:\/\/norestedigital.net\/index.php\/wp-json\/wp\/v2\/posts\/8368","targetHints":{"allow":["GET"]}}],"collection":[{"href":"https:\/\/norestedigital.net\/index.php\/wp-json\/wp\/v2\/posts"}],"about":[{"href":"https:\/\/norestedigital.net\/index.php\/wp-json\/wp\/v2\/types\/post"}],"author":[{"embeddable":true,"href":"https:\/\/norestedigital.net\/index.php\/wp-json\/wp\/v2\/users\/2"}],"replies":[{"embeddable":true,"href":"https:\/\/norestedigital.net\/index.php\/wp-json\/wp\/v2\/comments?post=8368"}],"version-history":[{"count":2,"href":"https:\/\/norestedigital.net\/index.php\/wp-json\/wp\/v2\/posts\/8368\/revisions"}],"predecessor-version":[{"id":9616,"href":"https:\/\/norestedigital.net\/index.php\/wp-json\/wp\/v2\/posts\/8368\/revisions\/9616"}],"wp:featuredmedia":[{"embeddable":true,"href":"https:\/\/norestedigital.net\/index.php\/wp-json\/wp\/v2\/media\/9615"}],"wp:attachment":[{"href":"https:\/\/norestedigital.net\/index.php\/wp-json\/wp\/v2\/media?parent=8368"}],"wp:term":[{"taxonomy":"category","embeddable":true,"href":"https:\/\/norestedigital.net\/index.php\/wp-json\/wp\/v2\/categories?post=8368"},{"taxonomy":"post_tag","embeddable":true,"href":"https:\/\/norestedigital.net\/index.php\/wp-json\/wp\/v2\/tags?post=8368"}],"curies":[{"name":"wp","href":"https:\/\/api.w.org\/{rel}","templated":true}]}}