{"id":8370,"date":"2026-03-15T17:47:14","date_gmt":"2026-03-15T23:47:14","guid":{"rendered":"https:\/\/norestedigital.net\/?p=8370"},"modified":"2026-03-15T17:47:17","modified_gmt":"2026-03-15T23:47:17","slug":"bazar-primavera-reune-a-familias-y-emprendedores-en-una-jornada-de-alegria-y-apoyo-al-talento-local","status":"publish","type":"post","link":"https:\/\/norestedigital.net\/index.php\/2026\/03\/15\/bazar-primavera-reune-a-familias-y-emprendedores-en-una-jornada-de-alegria-y-apoyo-al-talento-local\/","title":{"rendered":"BAZAR PRIMAVERA RE\u00daNE A FAMILIAS Y EMPRENDEDORES EN UNA JORNADA DE ALEGR\u00cdA Y APOYO AL TALENTO LOCAL"},"content":{"rendered":"\n<p>BAZAR PRIMAVERA RE\u00daNE A FAMILIAS Y EMPRENDEDORES EN UNA JORNADA DE ALEGR\u00cdA Y APOYO AL TALENTO LOCAL<\/p>\n\n\n\n<p>Con un ambiente lleno de alegr\u00eda, color y convivencia familiar, el Gobierno Municipal llev\u00f3 a cabo con gran \u00e9xito el Bazar edici\u00f3n Primavera en la Plaza de la Mujer, un espacio que reuni\u00f3 a emprendedores locales, artistas y a decenas de familias que acudieron para disfrutar de una jornada especial.<\/p>\n\n\n\n<p>Durante el evento, las y los asistentes recorrieron los distintos stands instalados por emprendedores de la ciudad, quienes ofrecieron una gran variedad de productos \u00fanicos, art\u00edculos artesanales y deliciosos antojitos que fueron bien recibidos por el p\u00fablico.<\/p>\n\n\n\n<p>Adem\u00e1s de la exposici\u00f3n de productos, las familias disfrutaron de un agradable ambiente acompa\u00f1ado por la presentaci\u00f3n de artistas locales, quienes con su talento amenizaron la jornada y brindaron momentos de entretenimiento para chicos y grandes.<\/p>\n\n\n\n<p>El Bazar Primavera forma parte de los programas impulsados por el Gobierno Municipal para fortalecer la econom\u00eda local, promover el emprendimiento y generar espacios de convivencia que fomenten la participaci\u00f3n de la comunidad.<\/p>\n\n\n\n<p>Autoridades municipales agradecieron a cada uno de los expositores por su entusiasmo y participaci\u00f3n, as\u00ed como a todas las personas que acudieron y hicieron posible este encuentro que celebr\u00f3 la creatividad, el talento y la uni\u00f3n de las familias neolaredenses.<\/p>\n","protected":false},"excerpt":{"rendered":"<p>BAZAR PRIMAVERA RE\u00daNE A FAMILIAS Y EMPRENDEDORES EN UNA JORNADA DE ALEGR\u00cdA Y APOYO AL TALENTO LOCAL Con un ambiente lleno de alegr\u00eda, color y convivencia familiar, el Gobierno Municipal llev\u00f3 a cabo con gran \u00e9xito el Bazar edici\u00f3n Primavera en la Plaza de la Mujer, un espacio que reuni\u00f3 a emprendedores locales, artistas y &hellip;<\/p>\n","protected":false},"author":2,"featured_media":8371,"comment_status":"open","ping_status":"open","sticky":false,"template":"","format":"standard","meta":{"footnotes":""},"categories":[37],"tags":[],"class_list":["post-8370","post","type-post","status-publish","format-standard","has-post-thumbnail","","category-nuevo-laredo"],"_links":{"self":[{"href":"https:\/\/norestedigital.net\/index.php\/wp-json\/wp\/v2\/posts\/8370","targetHints":{"allow":["GET"]}}],"collection":[{"href":"https:\/\/norestedigital.net\/index.php\/wp-json\/wp\/v2\/posts"}],"about":[{"href":"https:\/\/norestedigital.net\/index.php\/wp-json\/wp\/v2\/types\/post"}],"author":[{"embeddable":true,"href":"https:\/\/norestedigital.net\/index.php\/wp-json\/wp\/v2\/users\/2"}],"replies":[{"embeddable":true,"href":"https:\/\/norestedigital.net\/index.php\/wp-json\/wp\/v2\/comments?post=8370"}],"version-history":[{"count":1,"href":"https:\/\/norestedigital.net\/index.php\/wp-json\/wp\/v2\/posts\/8370\/revisions"}],"predecessor-version":[{"id":8372,"href":"https:\/\/norestedigital.net\/index.php\/wp-json\/wp\/v2\/posts\/8370\/revisions\/8372"}],"wp:featuredmedia":[{"embeddable":true,"href":"https:\/\/norestedigital.net\/index.php\/wp-json\/wp\/v2\/media\/8371"}],"wp:attachment":[{"href":"https:\/\/norestedigital.net\/index.php\/wp-json\/wp\/v2\/media?parent=8370"}],"wp:term":[{"taxonomy":"category","embeddable":true,"href":"https:\/\/norestedigital.net\/index.php\/wp-json\/wp\/v2\/categories?post=8370"},{"taxonomy":"post_tag","embeddable":true,"href":"https:\/\/norestedigital.net\/index.php\/wp-json\/wp\/v2\/tags?post=8370"}],"curies":[{"name":"wp","href":"https:\/\/api.w.org\/{rel}","templated":true}]}}