{"id":8505,"date":"2026-03-17T17:46:10","date_gmt":"2026-03-17T23:46:10","guid":{"rendered":"https:\/\/norestedigital.net\/?p=8505"},"modified":"2026-03-17T17:46:14","modified_gmt":"2026-03-17T23:46:14","slug":"restaurantes-amartillan-nuevos-precios-tras-alzas","status":"publish","type":"post","link":"https:\/\/norestedigital.net\/index.php\/2026\/03\/17\/restaurantes-amartillan-nuevos-precios-tras-alzas\/","title":{"rendered":"Restaurantes \u201camartillan\u201d\u00a0\u00a0nuevos precios tras alzas\u00a0\u00a0"},"content":{"rendered":"\n<p><em><strong>Restaurantes \u201camartillan\u201d&nbsp;&nbsp;<\/strong><\/em><\/p>\n\n\n\n<p><em><strong>nuevos precios tras alzas&nbsp;&nbsp;&nbsp;&nbsp;<\/strong><\/em><\/p>\n\n\n\n<p><em><strong>&nbsp;&nbsp;&nbsp;&nbsp;&nbsp;&nbsp;&nbsp;&nbsp;&nbsp;&nbsp;&nbsp;&nbsp;&nbsp;&nbsp;&nbsp;&nbsp;&nbsp;&nbsp;&nbsp;&nbsp;&nbsp;&nbsp;&nbsp;&nbsp;&nbsp;&nbsp;&nbsp;&nbsp;&nbsp;&nbsp;&nbsp;&nbsp;&nbsp;&nbsp;&nbsp;&nbsp;&nbsp;&nbsp;&nbsp;&nbsp;&nbsp;&nbsp;&nbsp;&nbsp;&nbsp;&nbsp;&nbsp;Por Javier Claudio<\/strong><\/em><\/p>\n\n\n\n<p><em>La espiral en precios que comenz\u00f3 a ocasionar la reciente alza en el costo del di\u00e9sel, entre ellos los comestibles, propici\u00f3 que la C\u00e1mara Nacional de la Industria Restaurantera y Alimentos Condimentados (Canirac) tenga contemplada como defensa la aplicaci\u00f3n de ajustes.<\/em><em><strong><\/strong><\/em><\/p>\n\n\n\n<p><em>\u201c<\/em>Los restaurantes no hacemos un aumento en los precios por reflejo inmediato. Los negocios que est\u00e1n subiendo ahorita es del alza de enero, la que nos aguantamos unos meses y subimos despu\u00e9s de la cuesta\u201d, declar\u00f3 Perseo Romero Vedia, presidente de la Canirac.<\/p>\n\n\n\n<p>&nbsp;&nbsp;Al hacerle saber sobre los nuevos precios en algunos negocios de venta de comida, no lo descart\u00f3, al argumentarlo como una reacci\u00f3n a los incrementos acumulados durante el a\u00f1o pasado.<\/p>\n\n\n\n<p>&nbsp;&nbsp;&nbsp;&nbsp;&nbsp;&nbsp;&nbsp;&nbsp;&nbsp;&nbsp;&nbsp;&nbsp;Precis\u00f3 que, para hacer frente a las variantes de precios en la materia prima, normalmente es e los meses de enero y febrero cuando se hace un reacomodo en los costos de venta para recuperar desventajas.<\/p>\n\n\n\n<p>\u201cMuy seguramente el restaurante donde fueron observados esos nuevos precios, ser\u00edan por el cambio de a\u00f1o, pero unos lo hacen en diciembre y otros en febrero o marzo\u201d, sostuvo Romero Vedia.<\/p>\n\n\n\n<p><em>&nbsp;&nbsp;&nbsp;&nbsp;&nbsp;&nbsp;&nbsp;&nbsp;&nbsp;&nbsp;&nbsp;&nbsp;Consider\u00f3 sumamente importante alcanzar un freno en el precio del di\u00e9sel o al menos no caer en la especulaci\u00f3n, que son las razones por las que han sobrevenido aumentos. Sin embargo, el costo del carburante desprende de los precios internacionales.<\/em><\/p>\n\n\n\n<p><em>&nbsp;&nbsp;&nbsp;&nbsp;&nbsp;&nbsp;&nbsp;&nbsp;&nbsp;&nbsp;&nbsp;&nbsp;Se pudo constatar que algunos restaurantes, desde finales de la semana pasada establecieron nuevos precios en el men\u00fa, peor seg\u00fan ser\u00eda efecto de recuperaci\u00f3n de la inflaci\u00f3n con que cerr\u00f3 el a\u00f1o pr\u00f3ximo anterior.<\/em><\/p>\n","protected":false},"excerpt":{"rendered":"<p>Restaurantes \u201camartillan\u201d&nbsp;&nbsp; nuevos precios tras alzas&nbsp;&nbsp;&nbsp;&nbsp; &nbsp;&nbsp;&nbsp;&nbsp;&nbsp;&nbsp;&nbsp;&nbsp;&nbsp;&nbsp;&nbsp;&nbsp;&nbsp;&nbsp;&nbsp;&nbsp;&nbsp;&nbsp;&nbsp;&nbsp;&nbsp;&nbsp;&nbsp;&nbsp;&nbsp;&nbsp;&nbsp;&nbsp;&nbsp;&nbsp;&nbsp;&nbsp;&nbsp;&nbsp;&nbsp;&nbsp;&nbsp;&nbsp;&nbsp;&nbsp;&nbsp;&nbsp;&nbsp;&nbsp;&nbsp;&nbsp;&nbsp;Por Javier Claudio La espiral en precios que comenz\u00f3 a ocasionar la reciente alza en el costo del di\u00e9sel, entre ellos los comestibles, propici\u00f3 que la C\u00e1mara Nacional de la Industria Restaurantera y Alimentos Condimentados (Canirac) tenga contemplada como defensa la aplicaci\u00f3n de ajustes. \u201cLos restaurantes no hacemos un &hellip;<\/p>\n","protected":false},"author":2,"featured_media":8507,"comment_status":"open","ping_status":"open","sticky":false,"template":"","format":"standard","meta":{"footnotes":""},"categories":[37],"tags":[],"class_list":["post-8505","post","type-post","status-publish","format-standard","has-post-thumbnail","","category-nuevo-laredo"],"_links":{"self":[{"href":"https:\/\/norestedigital.net\/index.php\/wp-json\/wp\/v2\/posts\/8505","targetHints":{"allow":["GET"]}}],"collection":[{"href":"https:\/\/norestedigital.net\/index.php\/wp-json\/wp\/v2\/posts"}],"about":[{"href":"https:\/\/norestedigital.net\/index.php\/wp-json\/wp\/v2\/types\/post"}],"author":[{"embeddable":true,"href":"https:\/\/norestedigital.net\/index.php\/wp-json\/wp\/v2\/users\/2"}],"replies":[{"embeddable":true,"href":"https:\/\/norestedigital.net\/index.php\/wp-json\/wp\/v2\/comments?post=8505"}],"version-history":[{"count":1,"href":"https:\/\/norestedigital.net\/index.php\/wp-json\/wp\/v2\/posts\/8505\/revisions"}],"predecessor-version":[{"id":8508,"href":"https:\/\/norestedigital.net\/index.php\/wp-json\/wp\/v2\/posts\/8505\/revisions\/8508"}],"wp:featuredmedia":[{"embeddable":true,"href":"https:\/\/norestedigital.net\/index.php\/wp-json\/wp\/v2\/media\/8507"}],"wp:attachment":[{"href":"https:\/\/norestedigital.net\/index.php\/wp-json\/wp\/v2\/media?parent=8505"}],"wp:term":[{"taxonomy":"category","embeddable":true,"href":"https:\/\/norestedigital.net\/index.php\/wp-json\/wp\/v2\/categories?post=8505"},{"taxonomy":"post_tag","embeddable":true,"href":"https:\/\/norestedigital.net\/index.php\/wp-json\/wp\/v2\/tags?post=8505"}],"curies":[{"name":"wp","href":"https:\/\/api.w.org\/{rel}","templated":true}]}}