{"id":8533,"date":"2026-03-17T20:43:18","date_gmt":"2026-03-18T02:43:18","guid":{"rendered":"https:\/\/norestedigital.net\/?p=8533"},"modified":"2026-03-17T20:43:20","modified_gmt":"2026-03-18T02:43:20","slug":"expediente-gattas-18avo-lic-cuellar-dr-vicente","status":"publish","type":"post","link":"https:\/\/norestedigital.net\/index.php\/2026\/03\/17\/expediente-gattas-18avo-lic-cuellar-dr-vicente\/","title":{"rendered":"Expediente&#8230;Gatt\u00e1s 18avo\/ Lic. Cu\u00e9llar\/Dr. Vicente\u00a0\u00a0"},"content":{"rendered":"\n<p>Expediente<\/p>\n\n\n\n<p>Azahel Jaramillo H.&nbsp; &nbsp;<\/p>\n\n\n\n<p>Gatt\u00e1s 18avo\/ Lic. Cu\u00e9llar\/Dr. Vicente&nbsp;&nbsp;<\/p>\n\n\n\n<p><strong>&nbsp; &nbsp; &nbsp; &nbsp; &nbsp; &nbsp; &nbsp; \u00bfComo est\u00e1n? Con una aprobaci\u00f3n ciudadana de 55.5 %, el presidente municipal de Victoria, Lalo Gatt\u00e1s B\u00e1ez, est\u00e1 ubicado en el lugar 18 del ranking, de la lista de 31 alcaldes de capitales municipales mejor evaluados de nuestro M\u00e9xico lindo y querido.<\/strong><\/p>\n\n\n\n<p><strong>&nbsp; &nbsp; &nbsp; &nbsp; &nbsp; &nbsp; &nbsp;De acuerdo a la empresa encuestadora M\u00e9xico Elige, en encuesta levantada en el mes de febrero de 2026, Lalo Gatt\u00e1s se ubica entre lo alcaldes del partido MORENA m\u00e1s eficientes del noreste de M\u00e9xico.<\/strong><\/p>\n\n\n\n<p><strong>&nbsp; &nbsp; &nbsp; &nbsp; &nbsp; &nbsp; &nbsp; Vale decir que esta encuesta se hizo entre victorenses mayores de 18 a\u00f1os, a quienes se les pregunt\u00f3 que opinaban del desempe\u00f1o de Lalo Gatt\u00e1s al frente de la administraci\u00f3n de Victoria, donde \u00e9l est\u00e1 desde el 2021.<\/strong><\/p>\n\n\n\n<p><strong>&nbsp; &nbsp; &nbsp; &nbsp; &nbsp; &nbsp; &nbsp; &nbsp; &nbsp; &nbsp; &nbsp; &nbsp;EXCELENTE TRABAJO DE CU\u00c9LLAR Y DR. VICENTE JOEL&nbsp;&nbsp;<\/strong><\/p>\n\n\n\n<p><strong>&nbsp; &nbsp; &nbsp; &nbsp; &nbsp; &nbsp; &nbsp; Dos.- Desde estas l\u00edneas esta tarde de martes 17 quiero expresar el m\u00e1s amplio re-co-no-ci-mi-en-to, con el aval que me dan 45 a\u00f1os de periodista -en Nuevo Le\u00f3n y Tamaulipas&#8211; al Lic. Francisco Cu\u00e9llar Cardona y al Dr. Vicente Joel Hern\u00e1ndez Navarro, quienes presentaron sus respectivas renuncias al cargo de Director de Comunicaci\u00f3n Social y Secretario estatal de Salud en el gobierno estatal del Dr. Am\u00e9rico Villarreal Anaya.&nbsp;<\/strong><\/p>\n\n\n\n<p><strong>Como analista, como opinador ese es mi sentimiento. Han dejando el cargo en el gobierno del Dr. Am\u00e9rico, dos profesionales, el primero en Comunicaci\u00f3n Social, y el segundo en Medicina. Con ambos he tenido una buena relaci\u00f3n como la puede haber entre un funcionario y un periodista. Va mi reconocimiento para su trabajo a favor del Bienestar de Tamaulipas. As\u00ed el asunto.&nbsp;<\/strong><\/p>\n\n\n\n<p><strong>&nbsp; &nbsp; &nbsp; &nbsp; &nbsp; &nbsp; &nbsp; &nbsp; &nbsp; &nbsp; &nbsp; &nbsp;PREMIAN EN TEXAS A ESTUDIANTE DE LA UAT&nbsp;<\/strong><\/p>\n\n\n\n<p><strong>&nbsp; &nbsp; &nbsp; &nbsp; &nbsp; &nbsp; &nbsp; &nbsp; &nbsp; Les comparto que en el vecino estado de Texas gano un prestigiado certamen un aventajado estudiante de la Universidad Aut\u00f3noma de Tamaulipas.<\/strong><\/p>\n\n\n\n<p><strong>&nbsp; &nbsp; &nbsp; &nbsp; &nbsp; &nbsp; &nbsp;Es el caso del alumno Christopher Jeremy Arriaga Rodr\u00edguez, quien ha sido premiado en el&nbsp; Sexto Simposio Binacional de Educaci\u00f3n (6th Binational Educational Symposium), celebrado en las instalaciones del South Texas College, en McAllen, Texas.<\/strong><\/p>\n\n\n\n<p><strong>El joven Christofer, estudiante de la carrera de Ingeniero en Electr\u00f3nica de la Unidad Acad\u00e9mica Multidisciplinaria Reynosa Rodhe (UAMRR), se alz\u00f3 con el triunfo en el prestigioso concurso de inventos del simposio.<\/strong><\/p>\n\n\n\n<p><strong>Su proyecto ganador consiste en una tarjeta electr\u00f3nica para un radar de campos agr\u00edcolas, dise\u00f1ado para optimizar la productividad en el sector agropecuario.<\/strong><\/p>\n\n\n\n<p><strong>Este dispositivo, que funciona como el \u201ccerebro\u201d de un sistema de radar avanzado, no es un prototipo convencional; es el resultado de un riguroso proceso de investigaci\u00f3n realizado dentro de la m\u00e1xima casa de estudios del estado.<\/strong><\/p>\n\n\n\n<p><strong>&nbsp; &nbsp; &nbsp; &nbsp; &nbsp; &nbsp; &nbsp;INICIA DIF TAMAULIPAS REPARTO DE DESPENSAS<\/strong><\/p>\n\n\n\n<p><strong>&nbsp; &nbsp; &nbsp; &nbsp; &nbsp; &nbsp; &nbsp; &nbsp; Con el objetivo de fortalecer la alimentaci\u00f3n y el bienestar de las familias tamaulipecas, el DIF Tamaulipas, presidido por la doctora Mar\u00eda Santiago de Villarreal dio inicio a la primera entrega de canastas alimentarias en los 43 municipios de la entidad, desde la frontera con Estados Unidos hasta el sur, en Tampico y Ciudad Madero.&nbsp; &nbsp; &nbsp; &nbsp;&nbsp;<\/strong><\/p>\n\n\n\n<p><strong>&nbsp; &nbsp; &nbsp; &nbsp; &nbsp; &nbsp; &nbsp; &nbsp;Con este programa se beneficia a 63 mil 913 personas, quienes forman parte de los grupos de atenci\u00f3n prioritaria en la entidad.&nbsp;<\/strong><\/p>\n\n\n\n<p><strong>&nbsp; &nbsp; &nbsp; &nbsp; &nbsp; &nbsp; &nbsp;Vale decir que&nbsp; estas acciones contribuyen al&nbsp; acceso y consumo de alimentos nutritivos mediante la entrega de insumos con criterios de calidad nutricional. Y adem\u00e1s se complementan con orientaci\u00f3n y educaci\u00f3n alimentaria, as\u00ed como con mecanismos de asesoramiento de calidad, promoviendo una mejor alimentaci\u00f3n y el ejercicio del derecho universal a una vida digna. NOS VEMOS.&nbsp;&nbsp;<\/strong><\/p>\n\n\n\n<p><a href=\"mailto:azahel_jaramillo@hotmail.com\" target=\"_blank\" rel=\"noreferrer noopener\">azahel_jaramillo@hotmail.com<\/a><\/p>\n","protected":false},"excerpt":{"rendered":"<p>Expediente Azahel Jaramillo H.&nbsp; &nbsp; Gatt\u00e1s 18avo\/ Lic. Cu\u00e9llar\/Dr. Vicente&nbsp;&nbsp; &nbsp; &nbsp; &nbsp; &nbsp; &nbsp; &nbsp; &nbsp; \u00bfComo est\u00e1n? Con una aprobaci\u00f3n ciudadana de 55.5 %, el presidente municipal de Victoria, Lalo Gatt\u00e1s B\u00e1ez, est\u00e1 ubicado en el lugar 18 del ranking, de la lista de 31 alcaldes de capitales municipales mejor evaluados de nuestro &hellip;<\/p>\n","protected":false},"author":2,"featured_media":1380,"comment_status":"open","ping_status":"open","sticky":false,"template":"","format":"standard","meta":{"footnotes":""},"categories":[4],"tags":[],"class_list":["post-8533","post","type-post","status-publish","format-standard","has-post-thumbnail","","category-columnistas-fashion"],"_links":{"self":[{"href":"https:\/\/norestedigital.net\/index.php\/wp-json\/wp\/v2\/posts\/8533","targetHints":{"allow":["GET"]}}],"collection":[{"href":"https:\/\/norestedigital.net\/index.php\/wp-json\/wp\/v2\/posts"}],"about":[{"href":"https:\/\/norestedigital.net\/index.php\/wp-json\/wp\/v2\/types\/post"}],"author":[{"embeddable":true,"href":"https:\/\/norestedigital.net\/index.php\/wp-json\/wp\/v2\/users\/2"}],"replies":[{"embeddable":true,"href":"https:\/\/norestedigital.net\/index.php\/wp-json\/wp\/v2\/comments?post=8533"}],"version-history":[{"count":1,"href":"https:\/\/norestedigital.net\/index.php\/wp-json\/wp\/v2\/posts\/8533\/revisions"}],"predecessor-version":[{"id":8534,"href":"https:\/\/norestedigital.net\/index.php\/wp-json\/wp\/v2\/posts\/8533\/revisions\/8534"}],"wp:featuredmedia":[{"embeddable":true,"href":"https:\/\/norestedigital.net\/index.php\/wp-json\/wp\/v2\/media\/1380"}],"wp:attachment":[{"href":"https:\/\/norestedigital.net\/index.php\/wp-json\/wp\/v2\/media?parent=8533"}],"wp:term":[{"taxonomy":"category","embeddable":true,"href":"https:\/\/norestedigital.net\/index.php\/wp-json\/wp\/v2\/categories?post=8533"},{"taxonomy":"post_tag","embeddable":true,"href":"https:\/\/norestedigital.net\/index.php\/wp-json\/wp\/v2\/tags?post=8533"}],"curies":[{"name":"wp","href":"https:\/\/api.w.org\/{rel}","templated":true}]}}