{"id":8548,"date":"2026-03-17T21:45:26","date_gmt":"2026-03-18T03:45:26","guid":{"rendered":"https:\/\/norestedigital.net\/?p=8548"},"modified":"2026-03-17T21:45:29","modified_gmt":"2026-03-18T03:45:29","slug":"promueve-sebien-la-igualdad-sustantiva","status":"publish","type":"post","link":"https:\/\/norestedigital.net\/index.php\/2026\/03\/17\/promueve-sebien-la-igualdad-sustantiva\/","title":{"rendered":"Promueve SEBIEN la igualdad sustantiva"},"content":{"rendered":"\n<p>Marzo 17 de 2026<\/p>\n\n\n\n<p>Ciudad Victoria, Tamaulipas.\u2013 Como reflejo de la defensa y promoci\u00f3n de la igualdad sustantiva que realiza el gobernador Am\u00e9rico Villarreal Anaya en Tamaulipas, se llev\u00f3 a cabo la capacitaci\u00f3n de servidoras y servidores p\u00fablicos denominada \u201cEmpoderamiento y Paridad: Transversalidad de G\u00e9nero en la Administraci\u00f3n P\u00fablica\u201d, en el marco del fortalecimiento institucional que realiza la Secretar\u00eda de Bienestar Social.<\/p>\n\n\n\n<p>La titular de SEBIEN, Silvia Casas Gonz\u00e1lez, inform\u00f3 que, a trav\u00e9s de la Subsecretar\u00eda de Fortalecimiento y Participaci\u00f3n Social, se realiz\u00f3 esta actividad impartida por las especialistas en el tema, Dra. Ver\u00f3nica Mireya Moreno Rodr\u00edguez y Dra. Olga Nacori L\u00f3pez Hern\u00e1ndez, en el auditorio \u201cAlberto L\u00f3pez\u201d, del Centro Cultural Tamaulipas.<\/p>\n\n\n\n<p>Al mencionar que la igualdad tambi\u00e9n se construye desde el servicio p\u00fablico, precis\u00f3 que, a trav\u00e9s de la Direcci\u00f3n de Inclusi\u00f3n e Igualdad Social de la SEBIEN, se llevan a cabo talleres y conferencias de manera sistem\u00e1tica relativas a fortalecer la sensibilizaci\u00f3n, el conocimiento y la aplicaci\u00f3n de los principios de igualdad, no discriminaci\u00f3n, respeto a la dignidad de las personas y responsabilidad institucional.<\/p>\n\n\n\n<p>En esta ocasi\u00f3n se abord\u00f3 la igualdad sustantiva, que se refiere a la equidad real en todas las \u00e1reas de la vida, y se reflexion\u00f3 sobre la importancia de hacerla efectiva en el servicio p\u00fablico, explic\u00f3 Casas Gonz\u00e1lez, quien a\u00f1adi\u00f3: \u201ctenemos un buen ejemplo del compromiso con la igualdad sustantiva que tiene este gobierno, que reafirma su compromiso con la protecci\u00f3n de los derechos de las mujeres\u201d.<\/p>\n\n\n\n<p>En ese sentido, mencion\u00f3, entre otras acciones gubernamentales, la creaci\u00f3n de Centros de Mujeres, as\u00ed como de oficinas de protecci\u00f3n jur\u00eddica y la promoci\u00f3n de la igualdad en todos los \u00e1mbitos y para todas las personas.<\/p>\n\n\n\n<p>Subray\u00f3 que la igualdad sustantiva en el servicio p\u00fablico se refiere a la promoci\u00f3n de la igualdad de oportunidades y trato entre mujeres y hombres, eliminando barreras que impiden el ejercicio pleno de sus derechos.<\/p>\n\n\n\n<p>En M\u00e9xico, la Ley General para la Igualdad Sustantiva busca regular y garantizar estos principios en el \u00e1mbito p\u00fablico y privado, promoviendo el empoderamiento de las mujeres y la paridad de g\u00e9nero, puntualiz\u00f3.<\/p>\n\n\n\n<figure class=\"wp-block-image\"><a href=\"https:\/\/www.tamaulipas.gob.mx\/wp-content\/uploads\/2026\/03\/SBS-018-2026.-Promueve-SEBIEN-la-igualdad-sustantiva-4.jpeg\"><img decoding=\"async\" src=\"https:\/\/www.tamaulipas.gob.mx\/wp-content\/uploads\/2026\/03\/SBS-018-2026.-Promueve-SEBIEN-la-igualdad-sustantiva-4-850x500.jpeg\" alt=\"\"\/><\/a><\/figure>\n","protected":false},"excerpt":{"rendered":"<p>Marzo 17 de 2026 Ciudad Victoria, Tamaulipas.\u2013 Como reflejo de la defensa y promoci\u00f3n de la igualdad sustantiva que realiza el gobernador Am\u00e9rico Villarreal Anaya en Tamaulipas, se llev\u00f3 a cabo la capacitaci\u00f3n de servidoras y servidores p\u00fablicos denominada \u201cEmpoderamiento y Paridad: Transversalidad de G\u00e9nero en la Administraci\u00f3n P\u00fablica\u201d, en el marco del fortalecimiento institucional &hellip;<\/p>\n","protected":false},"author":2,"featured_media":8550,"comment_status":"open","ping_status":"open","sticky":false,"template":"","format":"standard","meta":{"footnotes":""},"categories":[10],"tags":[],"class_list":["post-8548","post","type-post","status-publish","format-standard","has-post-thumbnail","","category-tam"],"_links":{"self":[{"href":"https:\/\/norestedigital.net\/index.php\/wp-json\/wp\/v2\/posts\/8548","targetHints":{"allow":["GET"]}}],"collection":[{"href":"https:\/\/norestedigital.net\/index.php\/wp-json\/wp\/v2\/posts"}],"about":[{"href":"https:\/\/norestedigital.net\/index.php\/wp-json\/wp\/v2\/types\/post"}],"author":[{"embeddable":true,"href":"https:\/\/norestedigital.net\/index.php\/wp-json\/wp\/v2\/users\/2"}],"replies":[{"embeddable":true,"href":"https:\/\/norestedigital.net\/index.php\/wp-json\/wp\/v2\/comments?post=8548"}],"version-history":[{"count":1,"href":"https:\/\/norestedigital.net\/index.php\/wp-json\/wp\/v2\/posts\/8548\/revisions"}],"predecessor-version":[{"id":8551,"href":"https:\/\/norestedigital.net\/index.php\/wp-json\/wp\/v2\/posts\/8548\/revisions\/8551"}],"wp:featuredmedia":[{"embeddable":true,"href":"https:\/\/norestedigital.net\/index.php\/wp-json\/wp\/v2\/media\/8550"}],"wp:attachment":[{"href":"https:\/\/norestedigital.net\/index.php\/wp-json\/wp\/v2\/media?parent=8548"}],"wp:term":[{"taxonomy":"category","embeddable":true,"href":"https:\/\/norestedigital.net\/index.php\/wp-json\/wp\/v2\/categories?post=8548"},{"taxonomy":"post_tag","embeddable":true,"href":"https:\/\/norestedigital.net\/index.php\/wp-json\/wp\/v2\/tags?post=8548"}],"curies":[{"name":"wp","href":"https:\/\/api.w.org\/{rel}","templated":true}]}}