{"id":8580,"date":"2026-03-18T13:03:16","date_gmt":"2026-03-18T19:03:16","guid":{"rendered":"https:\/\/norestedigital.net\/?p=8580"},"modified":"2026-03-18T13:03:18","modified_gmt":"2026-03-18T19:03:18","slug":"correspondencia-se-fortalecen-las-instituciones","status":"publish","type":"post","link":"https:\/\/norestedigital.net\/index.php\/2026\/03\/18\/correspondencia-se-fortalecen-las-instituciones\/","title":{"rendered":"Correspondencia&#8230;Se fortalecen las instituciones"},"content":{"rendered":"\n<p>Correspondencia<br>Se fortalecen las instituciones<br>Por: Jos\u00e9 Luis Castillo<br>En momentos en que la educaci\u00f3n media superior enfrenta retos importantes en<br>todo el pa\u00eds, resulta positivo que las universidades p\u00fablicas se involucren de<br>manera directa en los esfuerzos para fortalecer este nivel educativo.<br>Por lo anterior vale la pena destacar que la Universidad Aut\u00f3noma de Tamaulipas<br>se sum\u00f3 al programa \u201cAbrazo Universitario al Bachillerato Nacional\u201d, una<br>estrategia impulsada por la Secretar\u00eda de Educaci\u00f3n P\u00fablica con la que se busca<br>mejorar la calidad acad\u00e9mica y la vinculaci\u00f3n entre preparatoria y universidad.<br>D\u00e1maso Anaya Alvarado, firm\u00f3 el convenio correspondiente y ah\u00ed reiter\u00f3 el<br>compromiso de la instituci\u00f3n con este proyecto que involucra a veinte<br>universidades del pa\u00eds. El prop\u00f3sito es muy claro avanzar hacia un sistema de<br>bachillerato m\u00e1s s\u00f3lido, con programas educativos pertinentes y con mayores<br>oportunidades para que los estudiantes contin\u00faen su formaci\u00f3n en el nivel<br>superior.<br>Hay que destacar que este tipo de iniciativas se fortalecen las instituciones y cobra<br>relevancia porque una de las principales problem\u00e1ticas en el nivel medio superior<br>es la deserci\u00f3n escolar. Al fortalecer la preparaci\u00f3n acad\u00e9mica y ofrecer<br>programas t\u00e9cnicos y tecnol\u00f3gicos m\u00e1s actualizados, se abre la posibilidad de que<br>los j\u00f3venes encuentren mejores alternativas tanto en el \u00e1mbito educativo como en<br>el laboral.<br>Por supuesto que el proyecto contempla la actualizaci\u00f3n de planes de estudio, la<br>formaci\u00f3n docente y la mejora de infraestructura en los planteles de bachillerato.<br>Con ello se busca que la educaci\u00f3n media superior responda de manera m\u00e1s clara<br>a las necesidades actuales del pa\u00eds y a los retos del desarrollo econ\u00f3mico y social.<br>Cabe resaltar que la participaci\u00f3n de la Universidad Aut\u00f3noma de Tamaulipas en<br>este programa tambi\u00e9n refleja la responsabilidad que tienen las instituciones<br>p\u00fablicas en la construcci\u00f3n de un sistema educativo m\u00e1s articulado. Cuando<br>universidad y bachillerato trabajan de manera coordinada se facilita el tr\u00e1nsito<br>acad\u00e9mico de los estudiantes y se fortalecen las oportunidades de formaci\u00f3n, hay<br>que subrayarlo.<br>DOS. De manera que la Secretar\u00eda de Salud de Tamaulipas puso en marcha un<br>curso de medidas de seguridad integrales de evacuaci\u00f3n aerom\u00e9dica, dirigido a<br>personal de Protecci\u00f3n Civil, de la Cruz Roja Mexicana y personal del Centro<br>Regulador de Urgencias M\u00e9dicas.<\/p>\n\n\n\n<p>Importante destacar que la capacitaci\u00f3n constante de los cuerpos de emergencia<br>resulta fundamental para garantizar una respuesta oportuna ante situaciones<br>cr\u00edticas y para mejorar la atenci\u00f3n m\u00e9dica durante el traslado de pacientes en<br>condiciones delicadas, como ya ha sucedido, pero m\u00e1s y mejor es actualizarse por<br>el bien de los pacientes.<br>Este tipo de preparaci\u00f3n especializada permite reducir riesgos, optimizar tiempos<br>de respuesta y fortalecer la coordinaci\u00f3n entre distintas instituciones que<br>participan en labores de rescate y atenci\u00f3n m\u00e9dica. Cuando se trata de<br>emergencias, cada minuto cuenta, y contar con personal capacitado puede marcar<br>la diferencia entre la vida y la muerte.<br>TRES.- En materia econ\u00f3mica se analiza la posibilidad de ampliar los est\u00edmulos<br>fiscales en derechos de control vehicular en Tamaulipas, por lo pronto el gobierno<br>estatal eval\u00faa extender los beneficios que actualmente se mantienen vigentes<br>hasta finales de este mes, as\u00ed que a aprovecharlos.<br>Con estos incentivos que otorga el gobierno estatal se pretende facilitar el<br>cumplimiento de las obligaciones fiscales y apoyar la econom\u00eda de las familias<br>tamaulipecas. Entre los beneficios destacan descuentos en derechos vehiculares,<br>programas de regularizaci\u00f3n y tarifas preferenciales para motociclistas, adem\u00e1s de<br>incentivos en el impuesto sobre n\u00f3mina para peque\u00f1as empresas.<br>Importante resalar que las cifras de recaudaci\u00f3n de los primeros meses del a\u00f1o<br>muestran resultados positivos, con ingresos cercanos a los tres mil millones de<br>pesos entre enero y febrero. La meta para este a\u00f1o es alcanzar los doce mil<br>millones de pesos, lo que representar\u00eda un r\u00e9cord hist\u00f3rico para la entidad.<\/p>\n","protected":false},"excerpt":{"rendered":"<p>CorrespondenciaSe fortalecen las institucionesPor: Jos\u00e9 Luis CastilloEn momentos en que la educaci\u00f3n media superior enfrenta retos importantes entodo el pa\u00eds, resulta positivo que las universidades p\u00fablicas se involucren demanera directa en los esfuerzos para fortalecer este nivel educativo.Por lo anterior vale la pena destacar que la Universidad Aut\u00f3noma de Tamaulipasse sum\u00f3 al programa \u201cAbrazo Universitario &hellip;<\/p>\n","protected":false},"author":2,"featured_media":1501,"comment_status":"open","ping_status":"open","sticky":false,"template":"","format":"standard","meta":{"footnotes":""},"categories":[4],"tags":[],"class_list":["post-8580","post","type-post","status-publish","format-standard","has-post-thumbnail","","category-columnistas-fashion"],"_links":{"self":[{"href":"https:\/\/norestedigital.net\/index.php\/wp-json\/wp\/v2\/posts\/8580","targetHints":{"allow":["GET"]}}],"collection":[{"href":"https:\/\/norestedigital.net\/index.php\/wp-json\/wp\/v2\/posts"}],"about":[{"href":"https:\/\/norestedigital.net\/index.php\/wp-json\/wp\/v2\/types\/post"}],"author":[{"embeddable":true,"href":"https:\/\/norestedigital.net\/index.php\/wp-json\/wp\/v2\/users\/2"}],"replies":[{"embeddable":true,"href":"https:\/\/norestedigital.net\/index.php\/wp-json\/wp\/v2\/comments?post=8580"}],"version-history":[{"count":1,"href":"https:\/\/norestedigital.net\/index.php\/wp-json\/wp\/v2\/posts\/8580\/revisions"}],"predecessor-version":[{"id":8581,"href":"https:\/\/norestedigital.net\/index.php\/wp-json\/wp\/v2\/posts\/8580\/revisions\/8581"}],"wp:featuredmedia":[{"embeddable":true,"href":"https:\/\/norestedigital.net\/index.php\/wp-json\/wp\/v2\/media\/1501"}],"wp:attachment":[{"href":"https:\/\/norestedigital.net\/index.php\/wp-json\/wp\/v2\/media?parent=8580"}],"wp:term":[{"taxonomy":"category","embeddable":true,"href":"https:\/\/norestedigital.net\/index.php\/wp-json\/wp\/v2\/categories?post=8580"},{"taxonomy":"post_tag","embeddable":true,"href":"https:\/\/norestedigital.net\/index.php\/wp-json\/wp\/v2\/tags?post=8580"}],"curies":[{"name":"wp","href":"https:\/\/api.w.org\/{rel}","templated":true}]}}