{"id":8607,"date":"2026-03-18T19:46:30","date_gmt":"2026-03-19T01:46:30","guid":{"rendered":"https:\/\/norestedigital.net\/?p=8607"},"modified":"2026-03-18T22:34:45","modified_gmt":"2026-03-19T04:34:45","slug":"continuan-labores-para-el-control-y-liquidacion-de-incendio-forestal-en-el-cerro-el-tepozan","status":"publish","type":"post","link":"https:\/\/norestedigital.net\/index.php\/2026\/03\/18\/continuan-labores-para-el-control-y-liquidacion-de-incendio-forestal-en-el-cerro-el-tepozan\/","title":{"rendered":"Contin\u00faan labores para el control y liquidaci\u00f3n de incendio forestal en el Cerro El Tepoz\u00e1n"},"content":{"rendered":"\n<p>Marzo 18 de 2026<\/p>\n\n\n\n<p>Bustamante, Tamaulipas.- El Gobierno del Estado, a trav\u00e9s de la Coordinaci\u00f3n Estatal de Protecci\u00f3n Civil, dirigida por Luis Gerardo Gonz\u00e1lez de la Fuente, y en estrecha coordinaci\u00f3n con autoridades federales y municipales, inform\u00f3 que se mantienen activas las labores de atenci\u00f3n y combate del incendio forestal registrado en el Cerro El Tepoz\u00e1n, en el municipio de Bustamante.<\/p>\n\n\n\n<p>De acuerdo con el reporte m\u00e1s reciente, el siniestro presenta un 70 por ciento de control y un 60 por ciento de liquidaci\u00f3n, resultado del trabajo coordinado de 128 elementos pertenecientes a diversas dependencias, entre ellas la Comisi\u00f3n Nacional Forestal (CONAFOR), la Secretar\u00eda de la Defensa Nacional, la Guardia Nacional, instancias estatales y municipales, as\u00ed como voluntarios.<\/p>\n\n\n\n<p>El Centro Estatal de Manejo del Fuego inform\u00f3 que la superficie afectada es de aproximadamente 200 hect\u00e1reas, con predominio de vegetaci\u00f3n de matorral des\u00e9rtico roset\u00f3filo.<\/p>\n\n\n\n<p>El titular de Protecci\u00f3n Civil Estatal, destac\u00f3 que, por instrucciones del gobernador Am\u00e9rico Villarreal Anaya, se llev\u00f3 a cabo un sobrevuelo de valoraci\u00f3n como parte de la estrategia operativa, lo que permiti\u00f3 identificar los frentes activos, accesos y el comportamiento del incendio, fortaleciendo as\u00ed la toma de decisiones para su atenci\u00f3n en campo.<\/p>\n\n\n\n<p>Asimismo, reiter\u00f3 que el Gobierno del Estado mantiene una coordinaci\u00f3n permanente para atender de manera oportuna este tipo de emergencias.<\/p>\n\n\n\n<p>Finalmente, se exhorta a la ciudadan\u00eda a evitar acercarse a la zona afectada y a atender en todo momento las indicaciones de las autoridades, con el fin de no entorpecer las labores operativas y prevenir riesgos.<\/p>\n\n\n\n<figure class=\"wp-block-image\"><a href=\"https:\/\/www.tamaulipas.gob.mx\/wp-content\/uploads\/2026\/03\/CPC-010-2026.-Continuan-labores-para-el-control-y-liquidacion-de-incendio-forestal-en-el-Cerro-El-Tepozan-1.jpeg\"><img decoding=\"async\" src=\"https:\/\/www.tamaulipas.gob.mx\/wp-content\/uploads\/2026\/03\/CPC-010-2026.-Continuan-labores-para-el-control-y-liquidacion-de-incendio-forestal-en-el-Cerro-El-Tepozan-1-540x500.jpeg\" alt=\"\"\/><\/a><\/figure>\n\n\n\n<figure class=\"wp-block-image\"><a href=\"https:\/\/www.tamaulipas.gob.mx\/wp-content\/uploads\/2026\/03\/CPC-010-2026.-Continuan-labores-para-el-control-y-liquidacion-de-incendio-forestal-en-el-Cerro-El-Tepozan-2.jpeg\"><img decoding=\"async\" src=\"https:\/\/www.tamaulipas.gob.mx\/wp-content\/uploads\/2026\/03\/CPC-010-2026.-Continuan-labores-para-el-control-y-liquidacion-de-incendio-forestal-en-el-Cerro-El-Tepozan-2-540x500.jpeg\" alt=\"\"\/><\/a><\/figure>\n","protected":false},"excerpt":{"rendered":"<p>Marzo 18 de 2026 Bustamante, Tamaulipas.- El Gobierno del Estado, a trav\u00e9s de la Coordinaci\u00f3n Estatal de Protecci\u00f3n Civil, dirigida por Luis Gerardo Gonz\u00e1lez de la Fuente, y en estrecha coordinaci\u00f3n con autoridades federales y municipales, inform\u00f3 que se mantienen activas las labores de atenci\u00f3n y combate del incendio forestal registrado en el Cerro El &hellip;<\/p>\n","protected":false},"author":2,"featured_media":8608,"comment_status":"open","ping_status":"open","sticky":false,"template":"","format":"standard","meta":{"footnotes":""},"categories":[62,10],"tags":[],"class_list":["post-8607","post","type-post","status-publish","format-standard","has-post-thumbnail","","category-portada","category-tam"],"_links":{"self":[{"href":"https:\/\/norestedigital.net\/index.php\/wp-json\/wp\/v2\/posts\/8607","targetHints":{"allow":["GET"]}}],"collection":[{"href":"https:\/\/norestedigital.net\/index.php\/wp-json\/wp\/v2\/posts"}],"about":[{"href":"https:\/\/norestedigital.net\/index.php\/wp-json\/wp\/v2\/types\/post"}],"author":[{"embeddable":true,"href":"https:\/\/norestedigital.net\/index.php\/wp-json\/wp\/v2\/users\/2"}],"replies":[{"embeddable":true,"href":"https:\/\/norestedigital.net\/index.php\/wp-json\/wp\/v2\/comments?post=8607"}],"version-history":[{"count":1,"href":"https:\/\/norestedigital.net\/index.php\/wp-json\/wp\/v2\/posts\/8607\/revisions"}],"predecessor-version":[{"id":8609,"href":"https:\/\/norestedigital.net\/index.php\/wp-json\/wp\/v2\/posts\/8607\/revisions\/8609"}],"wp:featuredmedia":[{"embeddable":true,"href":"https:\/\/norestedigital.net\/index.php\/wp-json\/wp\/v2\/media\/8608"}],"wp:attachment":[{"href":"https:\/\/norestedigital.net\/index.php\/wp-json\/wp\/v2\/media?parent=8607"}],"wp:term":[{"taxonomy":"category","embeddable":true,"href":"https:\/\/norestedigital.net\/index.php\/wp-json\/wp\/v2\/categories?post=8607"},{"taxonomy":"post_tag","embeddable":true,"href":"https:\/\/norestedigital.net\/index.php\/wp-json\/wp\/v2\/tags?post=8607"}],"curies":[{"name":"wp","href":"https:\/\/api.w.org\/{rel}","templated":true}]}}