{"id":8610,"date":"2026-03-18T19:49:27","date_gmt":"2026-03-19T01:49:27","guid":{"rendered":"https:\/\/norestedigital.net\/?p=8610"},"modified":"2026-03-18T22:33:33","modified_gmt":"2026-03-19T04:33:33","slug":"fortalecen-inclusion-y-desarrollo-integral-desde-la-infancia-en-tamaulipas","status":"publish","type":"post","link":"https:\/\/norestedigital.net\/index.php\/2026\/03\/18\/fortalecen-inclusion-y-desarrollo-integral-desde-la-infancia-en-tamaulipas\/","title":{"rendered":"Fortalecen inclusi\u00f3n y desarrollo integral desde la infancia en Tamaulipas"},"content":{"rendered":"\n<p>Marzo 18 de 2026<\/p>\n\n\n\n<p>Ciudad Victoria, Tamaulipas.\u2013 Con el objetivo de promover entornos educativos equitativos y accesibles, se llev\u00f3 a cabo el taller \u201cEstrategias para ni\u00f1os con necesidades especiales (enfoque en inclusi\u00f3n y diversidad)\u201d, dirigido a fortalecer el desarrollo integral de la ni\u00f1ez y sentar bases s\u00f3lidas para su futuro.<\/p>\n\n\n\n<p>Durante esta actividad, se abordaron herramientas orientadas a la implementaci\u00f3n de adaptaciones curriculares, metodol\u00f3gicas y ambientales que permitan a ni\u00f1as y ni\u00f1os con necesidades educativas especiales alcanzar su m\u00e1ximo potencial, fomentando adem\u00e1s habilidades clave como la autonom\u00eda, la socializaci\u00f3n y la participaci\u00f3n en la sociedad.<\/p>\n\n\n\n<p>Estas acciones se realizan bajo la direcci\u00f3n, las instrucciones y con el apoyo del secretario del Trabajo y Previsi\u00f3n Social, Luis Gerardo Illoldi Reyes, quien ha impulsado una pol\u00edtica de inclusi\u00f3n laboral que inicia desde la formaci\u00f3n temprana, contribuyendo a romper barreras y generar igualdad de oportunidades.<\/p>\n\n\n\n<p>El taller tambi\u00e9n destac\u00f3 la importancia de sensibilizar a las nuevas generaciones sobre la diversidad, formando desde la infancia a futuros profesionistas, empleadores y l\u00edderes con una visi\u00f3n incluyente.<\/p>\n\n\n\n<p>Iloldi Reyes dijo que con este tipo de iniciativas, el Gobierno de Tamaulipas reafirma su compromiso con un modelo de desarrollo basado en la equidad, enmarcado en el gobierno humanista y de la transformaci\u00f3n que encabeza Am\u00e9rico Villarreal Anaya.<\/p>\n","protected":false},"excerpt":{"rendered":"<p>Marzo 18 de 2026 Ciudad Victoria, Tamaulipas.\u2013 Con el objetivo de promover entornos educativos equitativos y accesibles, se llev\u00f3 a cabo el taller \u201cEstrategias para ni\u00f1os con necesidades especiales (enfoque en inclusi\u00f3n y diversidad)\u201d, dirigido a fortalecer el desarrollo integral de la ni\u00f1ez y sentar bases s\u00f3lidas para su futuro. Durante esta actividad, se abordaron &hellip;<\/p>\n","protected":false},"author":2,"featured_media":8611,"comment_status":"open","ping_status":"open","sticky":false,"template":"","format":"standard","meta":{"footnotes":""},"categories":[62,10],"tags":[],"class_list":["post-8610","post","type-post","status-publish","format-standard","has-post-thumbnail","","category-portada","category-tam"],"_links":{"self":[{"href":"https:\/\/norestedigital.net\/index.php\/wp-json\/wp\/v2\/posts\/8610","targetHints":{"allow":["GET"]}}],"collection":[{"href":"https:\/\/norestedigital.net\/index.php\/wp-json\/wp\/v2\/posts"}],"about":[{"href":"https:\/\/norestedigital.net\/index.php\/wp-json\/wp\/v2\/types\/post"}],"author":[{"embeddable":true,"href":"https:\/\/norestedigital.net\/index.php\/wp-json\/wp\/v2\/users\/2"}],"replies":[{"embeddable":true,"href":"https:\/\/norestedigital.net\/index.php\/wp-json\/wp\/v2\/comments?post=8610"}],"version-history":[{"count":1,"href":"https:\/\/norestedigital.net\/index.php\/wp-json\/wp\/v2\/posts\/8610\/revisions"}],"predecessor-version":[{"id":8612,"href":"https:\/\/norestedigital.net\/index.php\/wp-json\/wp\/v2\/posts\/8610\/revisions\/8612"}],"wp:featuredmedia":[{"embeddable":true,"href":"https:\/\/norestedigital.net\/index.php\/wp-json\/wp\/v2\/media\/8611"}],"wp:attachment":[{"href":"https:\/\/norestedigital.net\/index.php\/wp-json\/wp\/v2\/media?parent=8610"}],"wp:term":[{"taxonomy":"category","embeddable":true,"href":"https:\/\/norestedigital.net\/index.php\/wp-json\/wp\/v2\/categories?post=8610"},{"taxonomy":"post_tag","embeddable":true,"href":"https:\/\/norestedigital.net\/index.php\/wp-json\/wp\/v2\/tags?post=8610"}],"curies":[{"name":"wp","href":"https:\/\/api.w.org\/{rel}","templated":true}]}}