{"id":8619,"date":"2026-04-28T23:20:32","date_gmt":"2026-04-29T05:20:32","guid":{"rendered":"https:\/\/norestedigital.net\/?p=8619"},"modified":"2026-04-28T23:20:37","modified_gmt":"2026-04-29T05:20:37","slug":"expediente-prohiben-a-directora-entrar-al-tec-2","status":"publish","type":"post","link":"https:\/\/norestedigital.net\/index.php\/2026\/04\/28\/expediente-prohiben-a-directora-entrar-al-tec-2\/","title":{"rendered":"Expediente \/\/ Proh\u00edben a Directora entrar al Tec"},"content":{"rendered":"\n<p>Azahel Jaramillo H.&nbsp;<\/p>\n\n\n\n<p><strong>Luego de la protesta contra la directora Deysi \u00c1lvarez y el cierre del Tec Victoria por parte de los estudiantes liderados por el alumno Diego Pacheco Santiago, este lunes 27 autoridades federales de educaci\u00f3n llegaron, con los insurrectos, a un acuerdo : vuelta a clases este martes 28, inicio de auditoria que deber\u00e1 dar resultados a mediados de mayo, cierre de la oficina de la direcci\u00f3n y la prohibici\u00f3n absoluta de que la directora Deysi ingrese a las instalaciones del Tecnol\u00f3gico, hasta en tanto la autoridad federal emita un dictamen.<\/strong><\/p>\n\n\n\n<p><strong>&nbsp; &nbsp; &nbsp; &nbsp; &nbsp; &nbsp; &nbsp; &nbsp; Trasciende que el periodo de la directora Deysi \u00c1lvarez concluy\u00f3 en febrero, y que entre otras cosas nocivas que ha hecho, adem\u00e1s de represi\u00f3n contra alumnos a los que ha intentando expulsar , est\u00e1n el haber despedido a 40 profesores de horario libre para colocar en su lugar a recomendados. Asimismo ha incrementado en forma abusivas las cuotas escolares y que tiene las instalaciones del Tec Victoria, sanitarios incluidos, en condiciones pal\u2019perro.<\/strong><\/p>\n\n\n\n<p><strong>&nbsp; &nbsp; &nbsp; &nbsp; &nbsp; &nbsp; &nbsp; &nbsp; &nbsp; Nos reportan asimismo que en sus charlas habituales la directora del Tecnol\u00f3gico se la vive presumiendo que cuenta con el total respaldo y apoyo del director nacional de Educaci\u00f3n Tecnol\u00f3gica, Ram\u00f3n Jim\u00e9nez; y del Ing. Pedro Cepeda Anaya, secretario de Obras P\u00fablicas del Gobernador Dr. Am\u00e9rico Villarreal.&nbsp;<\/strong><\/p>\n\n\n\n<p><strong>&nbsp; &nbsp; &nbsp; &nbsp; &nbsp; &nbsp; &nbsp; &nbsp;Trascendi\u00f3 que en el marco del reciente 50 aniversario de la Fundaci\u00f3n del Tec Victoria, la directora Deysi \u00c1lvarez, ante las autoridades federales de Educaci\u00f3n, ha presumido como suyas diversas obras que emprende la Asociaci\u00f3n de Ex Alumnos del Tec Victoria, entre ellas la construcci\u00f3n del nuevo auditorio.&nbsp;&nbsp;<\/strong><\/p>\n\n\n\n<p><strong>&nbsp; &nbsp; &nbsp; &nbsp; &nbsp; &nbsp; &nbsp; &nbsp; &nbsp; &nbsp; &nbsp;EN LA UAT 50% de ALUMNOS CUENTAN CON BECA&nbsp;<\/strong><\/p>\n\n\n\n<p><strong>&nbsp; &nbsp; &nbsp; &nbsp; &nbsp; &nbsp;A pocas horas de su Segundo Informe, en entrevista con medios de comunicaci\u00f3n, el rector D\u00e1maso Anaya Alvarado, resalt\u00f3 que uno de sus logros ha sido fortalecer el programa de becas, logrando que el 50 % de la matr\u00edcula total \u2014que abarca a m\u00e1s de 42 000 estudiantes, desde preparatorias hasta posgrados\u2014 cuente con este beneficio, lo que significa que uno de cada dos alumnos recibe respaldo institucional.<\/strong><\/p>\n\n\n\n<p><strong>El rector D\u00e1maso Anaya asever\u00f3 que su administraci\u00f3n est\u00e1 implementando una transformaci\u00f3n significativa en la infraestructura de la Universidad, enfocada en la modernizaci\u00f3n de aulas, laboratorios, la construcci\u00f3n de techumbres y la mejora de espacios comunes para elevar la calidad de la ense\u00f1anza.<\/strong><\/p>\n\n\n\n<p><strong>Este&nbsp; segundo informe, que reafirma el compromiso de la UAT con la comunidad, se llevar\u00e1 a cabo el mi\u00e9rcoles, 29 de abril, a las 12:00 horas en el Centro de Excelencia del campus Victoria, y ser\u00e1 difundido en vivo por videoconferencia a las facultades, unidades acad\u00e9micas y dependencias de la Universidad<\/strong><\/p>\n\n\n\n<p><strong>&nbsp; &nbsp; &nbsp; &nbsp; &nbsp; &nbsp; &nbsp; &nbsp; &nbsp; &nbsp; &nbsp; &nbsp;INTENSA, EN TAMAULIPAS ,SEMANA NACIONAL DE VACUNACION&nbsp;<\/strong><\/p>\n\n\n\n<p><strong>&nbsp; &nbsp; &nbsp; &nbsp; &nbsp; &nbsp;Entre las cosas harto positivas que tiene Tamaulipas es que contamos con el hecho de que gobernador del estado\u2014Am\u00e9rico Villarreal Anaya\u2013sea un profesional de la Medicina. As\u00ed, del 25 de abril al 2 de mayo se hace en nuestro lindo Tamaulipas, de Nuevo Laredo a Tampico la&nbsp; Semana Nacional de Vacunaci\u00f3n.&nbsp;<\/strong><\/p>\n\n\n\n<p><strong>&nbsp; &nbsp; &nbsp; &nbsp; &nbsp; &nbsp; &nbsp; As\u00ed, en esta jornada por la salud, la meta es aplicar m\u00e1s de 48 mil dosis con enfoque a reci\u00e9n nacidos, ni\u00f1as, ni\u00f1os, mujeres embarazadas, adultos mayores y poblaci\u00f3n en general.<\/strong><\/p>\n\n\n\n<p><strong>&nbsp; &nbsp;La nueva secretaria de Salud, Adriana Marcela Hern\u00e1ndez, destaca que como parte de esta campa\u00f1a se incorpora una nueva vacuna dirigida a mujeres embarazadas: la vacuna contra el Virus Sincitial Respiratorio (VSR), la cual protege a los reci\u00e9n&nbsp; nacidos&nbsp; contra infecciones respiratorias graves como neumon\u00eda y bronquitis.<\/strong><\/p>\n\n\n\n<p><strong>&nbsp; &nbsp; &nbsp; &nbsp; &nbsp; &nbsp; &nbsp; &nbsp; &nbsp; &nbsp; RAMIRO RAMOS, BUSCA RECUPERAR MUNICIPIOS PARA EL PRI&nbsp;<\/strong><\/p>\n\n\n\n<p><strong>&nbsp; &nbsp; &nbsp; El ex presidente del Congreso de Tamaulipas, el neolaredense Ramiro Ramos Salinas, ya lo dijo bien claro: el PRI tiene posibilidades reales de recuperar municipios estrat\u00e9gicos del estado en las pr\u00f3ximas elecciones, pese al dominio que actualmente tiene el partido MORENA.&nbsp; &nbsp; &nbsp; &nbsp; &nbsp;<\/strong><\/p>\n\n\n\n<p><strong>&nbsp; &nbsp; &nbsp; Entre los municipios viables de recuperar est\u00e1n: Nuevo Laredo, donde MORENA ha ganado por escaso margen, as\u00ed como Miguel Alem\u00e1n, Matamoros, R\u00edo Bravo y San Fernando. NOS VEMOS.&nbsp; &nbsp; &nbsp; &nbsp; &nbsp; &nbsp;&nbsp;<\/strong><\/p>\n\n\n\n<p><strong>&nbsp; &nbsp; &nbsp; Azahel Jaramillo Hernandez<\/strong><\/p>\n\n\n\n<p><a href=\"mailto:azahel_jaramillo@hotmail.com\" target=\"_blank\" rel=\"noreferrer noopener\">azahel_jaramillo@hotmail.com<\/a><\/p>\n","protected":false},"excerpt":{"rendered":"<p>Azahel Jaramillo H.&nbsp; Luego de la protesta contra la directora Deysi \u00c1lvarez y el cierre del Tec Victoria por parte de los estudiantes liderados por el alumno Diego Pacheco Santiago, este lunes 27 autoridades federales de educaci\u00f3n llegaron, con los insurrectos, a un acuerdo : vuelta a clases este martes 28, inicio de auditoria que &hellip;<\/p>\n","protected":false},"author":2,"featured_media":12264,"comment_status":"open","ping_status":"open","sticky":false,"template":"","format":"standard","meta":{"footnotes":""},"categories":[4,62],"tags":[],"class_list":["post-8619","post","type-post","status-publish","format-standard","has-post-thumbnail","","category-columnistas-fashion","category-portada"],"_links":{"self":[{"href":"https:\/\/norestedigital.net\/index.php\/wp-json\/wp\/v2\/posts\/8619","targetHints":{"allow":["GET"]}}],"collection":[{"href":"https:\/\/norestedigital.net\/index.php\/wp-json\/wp\/v2\/posts"}],"about":[{"href":"https:\/\/norestedigital.net\/index.php\/wp-json\/wp\/v2\/types\/post"}],"author":[{"embeddable":true,"href":"https:\/\/norestedigital.net\/index.php\/wp-json\/wp\/v2\/users\/2"}],"replies":[{"embeddable":true,"href":"https:\/\/norestedigital.net\/index.php\/wp-json\/wp\/v2\/comments?post=8619"}],"version-history":[{"count":2,"href":"https:\/\/norestedigital.net\/index.php\/wp-json\/wp\/v2\/posts\/8619\/revisions"}],"predecessor-version":[{"id":12267,"href":"https:\/\/norestedigital.net\/index.php\/wp-json\/wp\/v2\/posts\/8619\/revisions\/12267"}],"wp:featuredmedia":[{"embeddable":true,"href":"https:\/\/norestedigital.net\/index.php\/wp-json\/wp\/v2\/media\/12264"}],"wp:attachment":[{"href":"https:\/\/norestedigital.net\/index.php\/wp-json\/wp\/v2\/media?parent=8619"}],"wp:term":[{"taxonomy":"category","embeddable":true,"href":"https:\/\/norestedigital.net\/index.php\/wp-json\/wp\/v2\/categories?post=8619"},{"taxonomy":"post_tag","embeddable":true,"href":"https:\/\/norestedigital.net\/index.php\/wp-json\/wp\/v2\/tags?post=8619"}],"curies":[{"name":"wp","href":"https:\/\/api.w.org\/{rel}","templated":true}]}}