{"id":8660,"date":"2026-03-19T13:13:52","date_gmt":"2026-03-19T19:13:52","guid":{"rendered":"https:\/\/norestedigital.net\/?p=8660"},"modified":"2026-03-19T13:13:55","modified_gmt":"2026-03-19T19:13:55","slug":"ofertan-mas-de-mil-300-vacantes-en-feria-nacional-de-empleo-para-las-mujeres-en-reynosa","status":"publish","type":"post","link":"https:\/\/norestedigital.net\/index.php\/2026\/03\/19\/ofertan-mas-de-mil-300-vacantes-en-feria-nacional-de-empleo-para-las-mujeres-en-reynosa\/","title":{"rendered":"Ofertan m\u00e1s de mil 300 vacantes en Feria Nacional de Empleo para las Mujeres en Reynosa"},"content":{"rendered":"\n<p>Marzo 19 de 2026<\/p>\n\n\n\n<p>Reynosa, Tamaulipas.- Con la participaci\u00f3n de m\u00e1s de 80 de empresas y una importante afluencia de buscadoras y buscadores de empleo, se llev\u00f3 a cabo la Feria Nacional de Empleo para las Mujeres Reynosa 2026, un evento enfocado en la vinculaci\u00f3n laboral directa y la generaci\u00f3n de oportunidades para este sector de la poblaci\u00f3n y p\u00fablico en general.<\/p>\n\n\n\n<p>Bajo la direcci\u00f3n y las instrucciones del secretario del Trabajo y Previsi\u00f3n Social, Luis Gerardo Illoldi Reyes, esta estrategia permiti\u00f3 reunir a m\u00e1s de 80 empresas de manera presencial, ofertando mil 300 vacantes en distintos niveles, desde operativos hasta profesionistas, con sueldos competitivos.<\/p>\n\n\n\n<p>Durante el evento, se cont\u00f3 con la presencia de autoridades estatales y municipales, entre ellas el alcalde de Reynosa, Carlos Pe\u00f1a Ortiz, as\u00ed como diputadas y diputados locales que respaldan las acciones en favor del empleo y el desarrollo econ\u00f3mico en la regi\u00f3n.<\/p>\n\n\n\n<p>La feria tuvo como objetivo principal facilitar el acceso a empleos formales mediante atenci\u00f3n personalizada, adem\u00e1s de promover la inclusi\u00f3n laboral de las mujeres, fortaleciendo su participaci\u00f3n en la econom\u00eda y mejorando sus condiciones de vida.<\/p>\n\n\n\n<p>Estas acciones forman parte de una pol\u00edtica p\u00fablica orientada a generar bienestar social, impulsada por el Gobierno de Tamaulipas que encabeza Am\u00e9rico Villarreal Anaya, bajo un enfoque de humanismo y transformaci\u00f3n que prioriza el desarrollo integral de las y los tamaulipecos.<\/p>\n\n\n\n<figure class=\"wp-block-image\"><a href=\"https:\/\/www.tamaulipas.gob.mx\/wp-content\/uploads\/2026\/03\/STR-042-2026.-Ofertan-mas-de-mil-300-vacantes-en-Feria-Nacional-de-Empleo-para-las-Mujeres-en-Reynosa-1.jpeg\"><img decoding=\"async\" src=\"https:\/\/www.tamaulipas.gob.mx\/wp-content\/uploads\/2026\/03\/STR-042-2026.-Ofertan-mas-de-mil-300-vacantes-en-Feria-Nacional-de-Empleo-para-las-Mujeres-en-Reynosa-1-850x500.jpeg\" alt=\"\"\/><\/a><\/figure>\n","protected":false},"excerpt":{"rendered":"<p>Marzo 19 de 2026 Reynosa, Tamaulipas.- Con la participaci\u00f3n de m\u00e1s de 80 de empresas y una importante afluencia de buscadoras y buscadores de empleo, se llev\u00f3 a cabo la Feria Nacional de Empleo para las Mujeres Reynosa 2026, un evento enfocado en la vinculaci\u00f3n laboral directa y la generaci\u00f3n de oportunidades para este sector &hellip;<\/p>\n","protected":false},"author":2,"featured_media":8661,"comment_status":"open","ping_status":"open","sticky":false,"template":"","format":"standard","meta":{"footnotes":""},"categories":[10],"tags":[],"class_list":["post-8660","post","type-post","status-publish","format-standard","has-post-thumbnail","","category-tam"],"_links":{"self":[{"href":"https:\/\/norestedigital.net\/index.php\/wp-json\/wp\/v2\/posts\/8660","targetHints":{"allow":["GET"]}}],"collection":[{"href":"https:\/\/norestedigital.net\/index.php\/wp-json\/wp\/v2\/posts"}],"about":[{"href":"https:\/\/norestedigital.net\/index.php\/wp-json\/wp\/v2\/types\/post"}],"author":[{"embeddable":true,"href":"https:\/\/norestedigital.net\/index.php\/wp-json\/wp\/v2\/users\/2"}],"replies":[{"embeddable":true,"href":"https:\/\/norestedigital.net\/index.php\/wp-json\/wp\/v2\/comments?post=8660"}],"version-history":[{"count":1,"href":"https:\/\/norestedigital.net\/index.php\/wp-json\/wp\/v2\/posts\/8660\/revisions"}],"predecessor-version":[{"id":8662,"href":"https:\/\/norestedigital.net\/index.php\/wp-json\/wp\/v2\/posts\/8660\/revisions\/8662"}],"wp:featuredmedia":[{"embeddable":true,"href":"https:\/\/norestedigital.net\/index.php\/wp-json\/wp\/v2\/media\/8661"}],"wp:attachment":[{"href":"https:\/\/norestedigital.net\/index.php\/wp-json\/wp\/v2\/media?parent=8660"}],"wp:term":[{"taxonomy":"category","embeddable":true,"href":"https:\/\/norestedigital.net\/index.php\/wp-json\/wp\/v2\/categories?post=8660"},{"taxonomy":"post_tag","embeddable":true,"href":"https:\/\/norestedigital.net\/index.php\/wp-json\/wp\/v2\/tags?post=8660"}],"curies":[{"name":"wp","href":"https:\/\/api.w.org\/{rel}","templated":true}]}}