{"id":8792,"date":"2026-03-22T21:37:01","date_gmt":"2026-03-23T03:37:01","guid":{"rendered":"https:\/\/norestedigital.net\/?p=8792"},"modified":"2026-03-22T21:37:04","modified_gmt":"2026-03-23T03:37:04","slug":"impulsan-inclusion-y-empatia-en-estudiantes-con-programa-siproddis-en-nuevo-laredo","status":"publish","type":"post","link":"https:\/\/norestedigital.net\/index.php\/2026\/03\/22\/impulsan-inclusion-y-empatia-en-estudiantes-con-programa-siproddis-en-nuevo-laredo\/","title":{"rendered":"IMPULSAN INCLUSI\u00d3N Y EMPAT\u00cdA EN ESTUDIANTES CON PROGRAMA SIPRODDIS EN NUEVO LAREDO"},"content":{"rendered":"\n<p>IMPULSAN INCLUSI\u00d3N Y EMPAT\u00cdA EN ESTUDIANTES CON PROGRAMA SIPRODDIS EN NUEVO LAREDO<\/p>\n\n\n\n<p>Con el objetivo de fomentar la empat\u00eda, el respeto y la inclusi\u00f3n desde temprana edad, la Direcci\u00f3n de Vinculaci\u00f3n Social, del Gobierno Municipal, llev\u00f3 el programa de SIPRODDIS a c la Escuela Lauro Aguirre, dirigida a estudiantes de educaci\u00f3n b\u00e1sica, a trav\u00e9s de la din\u00e1mica \u201cPonte en mis zapatos\u201d.<\/p>\n\n\n\n<p>Durante esta actividad, ni\u00f1as y ni\u00f1os participaron en pl\u00e1ticas y ejercicios interactivos dise\u00f1ados para sensibilizarlos sobre las realidades que enfrentan las personas con discapacidad, promoviendo valores como la solidaridad, la igualdad y el respeto a la diversidad.<\/p>\n\n\n\n<p>La directora de Vinculaci\u00f3n Social, Julia Ortega de los Santos, destac\u00f3 la importancia de acercar este tipo de programas a las escuelas, al considerar que la formaci\u00f3n en valores incluyentes debe iniciar desde la ni\u00f1ez.<\/p>\n\n\n\n<p>\u201cCon el programa \u2018Ponte en mis zapatos\u2019 buscamos que las y los estudiantes comprendan, desde su propia experiencia, los retos que enfrentan las personas con discapacidad, fomentando as\u00ed una sociedad m\u00e1s emp\u00e1tica e incluyente desde las aulas\u201d, expres\u00f3.<\/p>\n\n\n\n<p>El programa SIPRODDIS contin\u00faa recorriendo diversas instituciones educativas de Nuevo Laredo, consolidando acciones que fortalecen la cultura de la inclusi\u00f3n y el respeto entre la comunidad estudiantil.<\/p>\n","protected":false},"excerpt":{"rendered":"<p>IMPULSAN INCLUSI\u00d3N Y EMPAT\u00cdA EN ESTUDIANTES CON PROGRAMA SIPRODDIS EN NUEVO LAREDO Con el objetivo de fomentar la empat\u00eda, el respeto y la inclusi\u00f3n desde temprana edad, la Direcci\u00f3n de Vinculaci\u00f3n Social, del Gobierno Municipal, llev\u00f3 el programa de SIPRODDIS a c la Escuela Lauro Aguirre, dirigida a estudiantes de educaci\u00f3n b\u00e1sica, a trav\u00e9s de &hellip;<\/p>\n","protected":false},"author":2,"featured_media":8793,"comment_status":"open","ping_status":"open","sticky":false,"template":"","format":"standard","meta":{"footnotes":""},"categories":[2,37],"tags":[],"class_list":["post-8792","post","type-post","status-publish","format-standard","has-post-thumbnail","","category-mun","category-nuevo-laredo"],"_links":{"self":[{"href":"https:\/\/norestedigital.net\/index.php\/wp-json\/wp\/v2\/posts\/8792","targetHints":{"allow":["GET"]}}],"collection":[{"href":"https:\/\/norestedigital.net\/index.php\/wp-json\/wp\/v2\/posts"}],"about":[{"href":"https:\/\/norestedigital.net\/index.php\/wp-json\/wp\/v2\/types\/post"}],"author":[{"embeddable":true,"href":"https:\/\/norestedigital.net\/index.php\/wp-json\/wp\/v2\/users\/2"}],"replies":[{"embeddable":true,"href":"https:\/\/norestedigital.net\/index.php\/wp-json\/wp\/v2\/comments?post=8792"}],"version-history":[{"count":1,"href":"https:\/\/norestedigital.net\/index.php\/wp-json\/wp\/v2\/posts\/8792\/revisions"}],"predecessor-version":[{"id":8795,"href":"https:\/\/norestedigital.net\/index.php\/wp-json\/wp\/v2\/posts\/8792\/revisions\/8795"}],"wp:featuredmedia":[{"embeddable":true,"href":"https:\/\/norestedigital.net\/index.php\/wp-json\/wp\/v2\/media\/8793"}],"wp:attachment":[{"href":"https:\/\/norestedigital.net\/index.php\/wp-json\/wp\/v2\/media?parent=8792"}],"wp:term":[{"taxonomy":"category","embeddable":true,"href":"https:\/\/norestedigital.net\/index.php\/wp-json\/wp\/v2\/categories?post=8792"},{"taxonomy":"post_tag","embeddable":true,"href":"https:\/\/norestedigital.net\/index.php\/wp-json\/wp\/v2\/tags?post=8792"}],"curies":[{"name":"wp","href":"https:\/\/api.w.org\/{rel}","templated":true}]}}