{"id":8890,"date":"2026-03-23T17:29:15","date_gmt":"2026-03-23T23:29:15","guid":{"rendered":"https:\/\/norestedigital.net\/?p=8890"},"modified":"2026-03-23T17:29:18","modified_gmt":"2026-03-23T23:29:18","slug":"invita-gobierno-de-nuevo-laredo-a-feria-nacional-del-empleo-para-mujeres","status":"publish","type":"post","link":"https:\/\/norestedigital.net\/index.php\/2026\/03\/23\/invita-gobierno-de-nuevo-laredo-a-feria-nacional-del-empleo-para-mujeres\/","title":{"rendered":"INVITA GOBIERNO DE NUEVO LAREDO A FERIA NACIONAL DEL EMPLEO PARA MUJERES"},"content":{"rendered":"\n<p>INVITA GOBIERNO DE NUEVO LAREDO A FERIA NACIONAL DEL EMPLEO PARA MUJERES<\/p>\n\n\n\n<p>Como parte de las acciones para promover la inclusi\u00f3n laboral y en el marco del mes de la mujer, el Gobierno Municipal, en coordinaci\u00f3n con el Gobierno del Estado, llevar\u00e1 a cabo una Feria Nacional del Empleo para las Mujeres, el pr\u00f3ximo jueves 26 de marzo.<\/p>\n\n\n\n<p>El director de Empleo y Pymes, Miguel Carrillo, inform\u00f3 que esta actividad forma parte de las acciones conmemorativas del mes de la mujer, destacando que la mayor\u00eda de las vacantes estar\u00e1n dirigidas a ellas, aunque la convocatoria permanece abierta para toda la ciudadan\u00eda.<\/p>\n\n\n\n<p>\u201cLa mayor\u00eda de las vacantes que estar\u00e1n ofertando en esta feria de empleo ser\u00e1n dirigidas a mujeres, sin embargo, la invitaci\u00f3n tambi\u00e9n est\u00e1 abierta para todos. Queremos que aprovechen esta oportunidad y que m\u00e1s mujeres puedan integrarse al mercado laboral\u201d, expres\u00f3.<\/p>\n\n\n\n<p>La feria se realizar\u00e1 en el Centro C\u00edvico de Nuevo Laredo, en un horario de 9:00 de la ma\u00f1ana a 2:00 de la tarde, donde se espera la participaci\u00f3n de entre 50 y 60 empresas, ofertando aproximadamente entre 300 y 400 vacantes en distintos sectores.<\/p>\n\n\n\n<p>Carrillo destac\u00f3 que esta es la primera feria del empleo organizada en coordinaci\u00f3n total con el Gobierno Estatal, lo que permite ampliar la oferta laboral y brindar mayores facilidades a las y los buscadores de empleo.<\/p>\n\n\n\n<p>Carillo subray\u00f3 que algunas de las vacantes contemplan beneficios adicionales pensados especialmente para mujeres, como apoyos en el tema de guarder\u00eda, lo que representa un respaldo importante para madres trabajadoras, especialmente para quienes son jefas de familia.<\/p>\n\n\n\n<p>\u201cHay empresas que est\u00e1n considerando facilidades como el tema de guarder\u00eda para madres solteras, lo que sin duda es un gran apoyo. Por eso es muy importante que inviten a sus familiares, amigas y vecinas a asistir y aprovechar esta oportunidad\u201d, a\u00f1adi\u00f3.<\/p>\n\n\n\n<p>El Gobierno Municipal reiter\u00f3 la invitaci\u00f3n a todas las personas interesadas a acudir a esta feria y formar parte de las oportunidades laborales que se estar\u00e1n ofreciendo, reafirmando su compromiso de impulsar el desarrollo econ\u00f3mico y la inclusi\u00f3n laboral en Nuevo Laredo.<\/p>\n","protected":false},"excerpt":{"rendered":"<p>INVITA GOBIERNO DE NUEVO LAREDO A FERIA NACIONAL DEL EMPLEO PARA MUJERES Como parte de las acciones para promover la inclusi\u00f3n laboral y en el marco del mes de la mujer, el Gobierno Municipal, en coordinaci\u00f3n con el Gobierno del Estado, llevar\u00e1 a cabo una Feria Nacional del Empleo para las Mujeres, el pr\u00f3ximo jueves &hellip;<\/p>\n","protected":false},"author":2,"featured_media":8892,"comment_status":"open","ping_status":"open","sticky":false,"template":"","format":"standard","meta":{"footnotes":""},"categories":[37],"tags":[],"class_list":["post-8890","post","type-post","status-publish","format-standard","has-post-thumbnail","","category-nuevo-laredo"],"_links":{"self":[{"href":"https:\/\/norestedigital.net\/index.php\/wp-json\/wp\/v2\/posts\/8890","targetHints":{"allow":["GET"]}}],"collection":[{"href":"https:\/\/norestedigital.net\/index.php\/wp-json\/wp\/v2\/posts"}],"about":[{"href":"https:\/\/norestedigital.net\/index.php\/wp-json\/wp\/v2\/types\/post"}],"author":[{"embeddable":true,"href":"https:\/\/norestedigital.net\/index.php\/wp-json\/wp\/v2\/users\/2"}],"replies":[{"embeddable":true,"href":"https:\/\/norestedigital.net\/index.php\/wp-json\/wp\/v2\/comments?post=8890"}],"version-history":[{"count":1,"href":"https:\/\/norestedigital.net\/index.php\/wp-json\/wp\/v2\/posts\/8890\/revisions"}],"predecessor-version":[{"id":8893,"href":"https:\/\/norestedigital.net\/index.php\/wp-json\/wp\/v2\/posts\/8890\/revisions\/8893"}],"wp:featuredmedia":[{"embeddable":true,"href":"https:\/\/norestedigital.net\/index.php\/wp-json\/wp\/v2\/media\/8892"}],"wp:attachment":[{"href":"https:\/\/norestedigital.net\/index.php\/wp-json\/wp\/v2\/media?parent=8890"}],"wp:term":[{"taxonomy":"category","embeddable":true,"href":"https:\/\/norestedigital.net\/index.php\/wp-json\/wp\/v2\/categories?post=8890"},{"taxonomy":"post_tag","embeddable":true,"href":"https:\/\/norestedigital.net\/index.php\/wp-json\/wp\/v2\/tags?post=8890"}],"curies":[{"name":"wp","href":"https:\/\/api.w.org\/{rel}","templated":true}]}}