{"id":8894,"date":"2026-03-23T17:34:55","date_gmt":"2026-03-23T23:34:55","guid":{"rendered":"https:\/\/norestedigital.net\/?p=8894"},"modified":"2026-03-23T17:34:57","modified_gmt":"2026-03-23T23:34:57","slug":"fortalece-dif-nuevo-laredo-inclusiva-con-guarderia-especial-del-cri","status":"publish","type":"post","link":"https:\/\/norestedigital.net\/index.php\/2026\/03\/23\/fortalece-dif-nuevo-laredo-inclusiva-con-guarderia-especial-del-cri\/","title":{"rendered":"FORTALECE DIF NUEVO LAREDO INCLUSIVA CON GUARDER\u00cdA ESPECIAL DEL CRI"},"content":{"rendered":"\n<p>FORTALECE DIF NUEVO LAREDO INCLUSIVA CON GUARDER\u00cdA ESPECIAL DEL CRI<\/p>\n\n\n\n<p>En el marco del D\u00eda Mundial del S\u00edndrome de Down, el Sistema DIF Nuevo Laredo llev\u00f3 a cabo una actividad en la Guarder\u00eda Especial del Centro de Rehabilitaci\u00f3n Integral (CRI), en la que participaron madres y padres de familia, promoviendo la inclusi\u00f3n, la convivencia y el fortalecimiento de los lazos familiares.<\/p>\n\n\n\n<p>Durante esta actividad, las familias elaboraron calcetines de papel que decoraron con pintura,adem\u00e1s de realizar din\u00e1micas dise\u00f1adas para fomentar el respeto, la empat\u00eda y la participaci\u00f3n activa en el desarrollo de sus hijas e hijos, destacando la importancia del acompa\u00f1amiento desde el hogar.<\/p>\n\n\n\n<p>La Guarder\u00eda Especial del CRI brinda atenci\u00f3n integral a ni\u00f1as, ni\u00f1os y adolescentes con discapacidad motriz, auditiva y visual, as\u00ed como a quienes presentan condiciones como par\u00e1lisis cerebral, s\u00edndrome de Down, entre otros.<\/p>\n\n\n\n<p>Este servicio incluye cuidado, atenci\u00f3n a la salud y recreaci\u00f3n, adem\u00e1s de terapias de rehabilitaci\u00f3n, en un espacio seguro y adecuado mientras madres y padres de familia realizan sus actividades laborales.<\/p>\n\n\n\n<p>La presidenta del Sistema DIF Nuevo Laredo, Claudette Canturosas Villarreal, destac\u00f3 la importancia de este servicio para las familias.<\/p>\n\n\n\n<p>\u201cLa Guarder\u00eda Especial del CRI es un espacio donde reciben atenci\u00f3n integral, con amor y profesionalismo, permitiendo tambi\u00e9n que sus padres tengan la tranquilidad de que est\u00e1n en un lugar seguro, aprendiendo y avanzando cada d\u00eda\u201d, se\u00f1al\u00f3.<\/p>\n\n\n\n<p>Por su parte, la madre de familia Nohem\u00ed Mart\u00ednez Rodr\u00edguez expres\u00f3 su agradecimiento por la atenci\u00f3n brindada.<\/p>\n\n\n\n<p>\u201cEstoy muy contenta con la atenci\u00f3n que recibe mi hija en la guarder\u00eda del CRI. He visto un gran avance en su desarrollo y eso me da mucha tranquilidad y confianza\u201d, coment\u00f3.<\/p>\n\n\n\n<p>Con estas acciones, el Sistema DIF reafirma su compromiso de ofrecer servicios especializados que contribuyen al desarrollo integral de la ni\u00f1ez y al bienestar de las familias, impulsando una sociedad m\u00e1s inclusiva.<\/p>\n\n\n\n<p>La Guarder\u00eda Especial del CRI se encuentra ubicada en Bulevar \u00c1vila Camacho y Jaumave s\/n, colonia La Fe, y pone a disposici\u00f3n el tel\u00e9fono (867) 710 75 69 para mayores informes.<\/p>\n","protected":false},"excerpt":{"rendered":"<p>FORTALECE DIF NUEVO LAREDO INCLUSIVA CON GUARDER\u00cdA ESPECIAL DEL CRI En el marco del D\u00eda Mundial del S\u00edndrome de Down, el Sistema DIF Nuevo Laredo llev\u00f3 a cabo una actividad en la Guarder\u00eda Especial del Centro de Rehabilitaci\u00f3n Integral (CRI), en la que participaron madres y padres de familia, promoviendo la inclusi\u00f3n, la convivencia y &hellip;<\/p>\n","protected":false},"author":2,"featured_media":8897,"comment_status":"open","ping_status":"open","sticky":false,"template":"","format":"standard","meta":{"footnotes":""},"categories":[37],"tags":[],"class_list":["post-8894","post","type-post","status-publish","format-standard","has-post-thumbnail","","category-nuevo-laredo"],"_links":{"self":[{"href":"https:\/\/norestedigital.net\/index.php\/wp-json\/wp\/v2\/posts\/8894","targetHints":{"allow":["GET"]}}],"collection":[{"href":"https:\/\/norestedigital.net\/index.php\/wp-json\/wp\/v2\/posts"}],"about":[{"href":"https:\/\/norestedigital.net\/index.php\/wp-json\/wp\/v2\/types\/post"}],"author":[{"embeddable":true,"href":"https:\/\/norestedigital.net\/index.php\/wp-json\/wp\/v2\/users\/2"}],"replies":[{"embeddable":true,"href":"https:\/\/norestedigital.net\/index.php\/wp-json\/wp\/v2\/comments?post=8894"}],"version-history":[{"count":1,"href":"https:\/\/norestedigital.net\/index.php\/wp-json\/wp\/v2\/posts\/8894\/revisions"}],"predecessor-version":[{"id":8899,"href":"https:\/\/norestedigital.net\/index.php\/wp-json\/wp\/v2\/posts\/8894\/revisions\/8899"}],"wp:featuredmedia":[{"embeddable":true,"href":"https:\/\/norestedigital.net\/index.php\/wp-json\/wp\/v2\/media\/8897"}],"wp:attachment":[{"href":"https:\/\/norestedigital.net\/index.php\/wp-json\/wp\/v2\/media?parent=8894"}],"wp:term":[{"taxonomy":"category","embeddable":true,"href":"https:\/\/norestedigital.net\/index.php\/wp-json\/wp\/v2\/categories?post=8894"},{"taxonomy":"post_tag","embeddable":true,"href":"https:\/\/norestedigital.net\/index.php\/wp-json\/wp\/v2\/tags?post=8894"}],"curies":[{"name":"wp","href":"https:\/\/api.w.org\/{rel}","templated":true}]}}