{"id":9021,"date":"2026-03-24T19:24:03","date_gmt":"2026-03-25T01:24:03","guid":{"rendered":"https:\/\/norestedigital.net\/?p=9021"},"modified":"2026-03-24T19:24:06","modified_gmt":"2026-03-25T01:24:06","slug":"guardan-escuelas-200-espacios-para-cubrir-eventualidades","status":"publish","type":"post","link":"https:\/\/norestedigital.net\/index.php\/2026\/03\/24\/guardan-escuelas-200-espacios-para-cubrir-eventualidades\/","title":{"rendered":"Guardan escuelas 200 espacios para \u201ccubrir eventualidades\u201d"},"content":{"rendered":"\n<p><strong>Guardan escuelas 200 espacios<\/strong> <strong>para \u201ccubrir eventualidades\u201d<\/strong><\/p>\n\n\n\n<p><strong>Por Javier Claudio<\/strong><\/p>\n\n\n\n<p>&nbsp;&nbsp;&nbsp;&nbsp;&nbsp;&nbsp;&nbsp;&nbsp;&nbsp;&nbsp;&nbsp;&nbsp;Un promedio de 200 espacios tiene en resguardo el Centro&nbsp;Regional de Desarrollo Educativo \/Crede) para cubrir eventualidades de padres de familia que sean solicitados para sus hijos, sobre todo por necesidades de reubicaci\u00f3n o bien por cuestiones migratorias.<\/p>\n\n\n\n<p>&nbsp;&nbsp;&nbsp;&nbsp;&nbsp;&nbsp;&nbsp;&nbsp;&nbsp;&nbsp;&nbsp;&nbsp;De acuerdo a la informaci\u00f3n recabada en cada ciclo escolar el CREDE se respalda con estos espacios adicionales en distintas escuelas, s\u00ed tambi\u00e9n la eventualidad de hijos de migrantes, atendiendo instrucciones de la Secretar\u00eda de Educaci\u00f3n en Tamaulipas (SET) a fin de dar cobertura a situaciones extraordinarias.<\/p>\n\n\n\n<p>&nbsp;&nbsp;&nbsp;&nbsp;&nbsp;&nbsp;&nbsp;&nbsp;&nbsp;&nbsp;&nbsp;&nbsp;Se logr\u00f3 establecer en el CREDE que este sistema adicional permite resolver situaciones no contempladas en el sector educativo de nivel b\u00e1sico y as\u00ed remarcar adem\u00e1s que ning\u00fan ni\u00f1o quede sin la ense\u00f1anza.<\/p>\n\n\n\n<p>Se cit\u00f3 como ejemplo la existencia y utilidades de espacios en las escuelas del primer cuadro de la ciudad luego de su holgada cantidad de alumnos que se tuvo, la que fue siendo mermando al desconcentrarse una gran cantidad de las familias del c\u00e9ntrico sector como parte del desarrollo donde ahora se incluyen los hijos de padres deportados.<\/p>\n\n\n\n<p>&nbsp;&nbsp;&nbsp;&nbsp;&nbsp;&nbsp;&nbsp;&nbsp;&nbsp;&nbsp;&nbsp;&nbsp;\u201cSon 20 escuelas establecidas en el primer cuadro de la ciudad las que principalmente aparecen prestas con los espacios adicionales que se requieran y que no solo servir\u00edan para aquellos ni\u00f1os que provienen de escuelas privadas sino para cubrir los efectos de la pol\u00edtica migratoria de EU\u201d, sostuvo la fuente del Crede.<\/p>\n\n\n\n<p>El vocero de una de las inspecciones escolares, hizo saber que dichas primarias del sector centro, la mayor\u00eda tiene salones con 25 alumnos debido al desplazamiento de familias hacia otras colonias, pero que bien podr\u00edan dar cupo a 10 alumnos m\u00e1s en cada aula en un determinado momento.<\/p>\n\n\n\n<p>Como dato adicional, indic\u00f3 que acerca de los ni\u00f1os migrantes, en las escuelas de la ciudad existen alrededor de seis mil ni\u00f1os nacidos en el extranjero estudiando en diferentes planteles, pero su situaci\u00f3n pertenece a efectos muy distintos de deportaci\u00f3n.&nbsp;&nbsp;&nbsp;&nbsp;&nbsp;&nbsp;&nbsp;<\/p>\n","protected":false},"excerpt":{"rendered":"<p>Guardan escuelas 200 espacios para \u201ccubrir eventualidades\u201d Por Javier Claudio &nbsp;&nbsp;&nbsp;&nbsp;&nbsp;&nbsp;&nbsp;&nbsp;&nbsp;&nbsp;&nbsp;&nbsp;Un promedio de 200 espacios tiene en resguardo el Centro&nbsp;Regional de Desarrollo Educativo \/Crede) para cubrir eventualidades de padres de familia que sean solicitados para sus hijos, sobre todo por necesidades de reubicaci\u00f3n o bien por cuestiones migratorias. &nbsp;&nbsp;&nbsp;&nbsp;&nbsp;&nbsp;&nbsp;&nbsp;&nbsp;&nbsp;&nbsp;&nbsp;De acuerdo a la informaci\u00f3n recabada en &hellip;<\/p>\n","protected":false},"author":2,"featured_media":9022,"comment_status":"open","ping_status":"open","sticky":false,"template":"","format":"standard","meta":{"footnotes":""},"categories":[37],"tags":[],"class_list":["post-9021","post","type-post","status-publish","format-standard","has-post-thumbnail","","category-nuevo-laredo"],"_links":{"self":[{"href":"https:\/\/norestedigital.net\/index.php\/wp-json\/wp\/v2\/posts\/9021","targetHints":{"allow":["GET"]}}],"collection":[{"href":"https:\/\/norestedigital.net\/index.php\/wp-json\/wp\/v2\/posts"}],"about":[{"href":"https:\/\/norestedigital.net\/index.php\/wp-json\/wp\/v2\/types\/post"}],"author":[{"embeddable":true,"href":"https:\/\/norestedigital.net\/index.php\/wp-json\/wp\/v2\/users\/2"}],"replies":[{"embeddable":true,"href":"https:\/\/norestedigital.net\/index.php\/wp-json\/wp\/v2\/comments?post=9021"}],"version-history":[{"count":1,"href":"https:\/\/norestedigital.net\/index.php\/wp-json\/wp\/v2\/posts\/9021\/revisions"}],"predecessor-version":[{"id":9024,"href":"https:\/\/norestedigital.net\/index.php\/wp-json\/wp\/v2\/posts\/9021\/revisions\/9024"}],"wp:featuredmedia":[{"embeddable":true,"href":"https:\/\/norestedigital.net\/index.php\/wp-json\/wp\/v2\/media\/9022"}],"wp:attachment":[{"href":"https:\/\/norestedigital.net\/index.php\/wp-json\/wp\/v2\/media?parent=9021"}],"wp:term":[{"taxonomy":"category","embeddable":true,"href":"https:\/\/norestedigital.net\/index.php\/wp-json\/wp\/v2\/categories?post=9021"},{"taxonomy":"post_tag","embeddable":true,"href":"https:\/\/norestedigital.net\/index.php\/wp-json\/wp\/v2\/tags?post=9021"}],"curies":[{"name":"wp","href":"https:\/\/api.w.org\/{rel}","templated":true}]}}