{"id":9030,"date":"2026-04-28T20:08:27","date_gmt":"2026-04-29T02:08:27","guid":{"rendered":"https:\/\/norestedigital.net\/?p=9030"},"modified":"2026-04-28T20:08:31","modified_gmt":"2026-04-29T02:08:31","slug":"dialogando-la-alcaldesa-de-miquihuana-no-asiste-a-los-honores-a-la-bandera","status":"publish","type":"post","link":"https:\/\/norestedigital.net\/index.php\/2026\/04\/28\/dialogando-la-alcaldesa-de-miquihuana-no-asiste-a-los-honores-a-la-bandera\/","title":{"rendered":"Dialogando \/ La alcaldesa de Miquihuana no asiste a los Honores a la Bandera"},"content":{"rendered":"\n<p>Dialogando<\/p>\n\n\n\n<p><\/p>\n\n\n\n<p>*Y le dicen por all\u00e1: \u201cPor favor se\u00f1ora Gladys y Roque, tengan tantito respeto a nuestra Bandera Nacional<\/p>\n\n\n\n<p>Por Roberto Olvera P\u00e9rez<br>Es de todos conocido que la alcaldesa de Miquihuana, la panista, la que se dice enfermera y no sabe poner una inyecci\u00f3n, Gladys Magalis Vargas Rangel, as\u00ed como su media naranja, \u00e9l tambi\u00e9n -dizque- Licenciado Roque S\u00e1nchez Carrizal, han mostrado una ausencia y desinter\u00e9s por encabezar cada lunes los Honores a la Bandera en este municipio enclavado en las faldas de la Sierra Madre Oriental, lo que ha generado cr\u00edticas ciudadanas y falta de respeto.<br>Adem\u00e1s no son constantes de que cada lunes se le rinda Honores a nuestra ense\u00f1a patria ah\u00ed, aunque el art\u00edculo 9o establece y considera fundamental este tipo de ceremonias oficiales para fortalecer la identidad nacional y el compromiso c\u00edvico, lo que para la primera autoridad municipal de este municipio eso se lo pasa por el arco del triunfo. Lo que nos lleva a entender que por su falta de preparaci\u00f3n acad\u00e9mica a lo mejor no sabe saludar y mucho menos cantar el Himno Nacional. Lo mismo ocurre con su media naranja que tampoco sabe lo que representan los s\u00edmbolos patrios.<br>Total no hay respeto a los s\u00edmbolos patrios por este municipio y sobresale el incumplimiento, descuido o trato indigno a la Bandera Nacional, por lo que muchos ciudadanos han dicho: \u201cPor favor se\u00f1ora Gladys y Roque, tengan tantito respeto a nuestra Bandera Nacional; aunque algunas o escasas ocasiones, s\u00ed se le rinde Honores a la Bandera y los encabeza el secretario del Ayuntamiento, el Profesor jubilado Feliciano Barr\u00f3n Gonz\u00e1lez, como lo vimos la semana pasada en una escuela de educaci\u00f3n b\u00e1sica all\u00e1 en la Colonia Agr\u00edcola La Pe\u00f1a, pero se nota m\u00e1s, insisto, la ausencia y desinter\u00e9s de la primera autoridad municipal.<br>\u00bfPor qu\u00e9 hacemos honores a la Bandera los d\u00edas lunes? Eso le va y le viene a la alcaldesa de Miquihuana. Se ve que no tiene valores desde su infancia y todav\u00eda dice: \u201cMi lindo pueblo que nos vio nacer\u201d. Mira, mira.<\/p>\n\n\n\n<p>NOTAS CORTAS<\/p>\n\n\n\n<p>1.- Abril se agota y tambi\u00e9n el tiempo para que municipios aclaren las cuentas y eviten sanciones administrativas o penales, esto de acuerdo a la ASE quien los exhorta a que cumplan con sus obligaciones. Y la flecha va directa tambi\u00e9n con algunos ex alcaldes que no han entendido, pues evitan recibir notificaciones, pero se les advierte que esa conducta no frena los procedimientos de fiscalizaci\u00f3n. Caso concreto el ex de Tula, Antonio \u201cLaminas\u201d Leija Villarreal y el ex de Jaumave, Jos\u00e9 Luis Gallardo Flores \u201cEl Gallo\u201d, quienes dejaron un desorden a su paso por esas administraciones municipales y de muchos billetes que andan bailando y ahora no saben c\u00f3mo comprobar. Ojo, podr\u00edan parar al fresco bote.<\/p>\n\n\n\n<p>2.- El ITAVU lleg\u00f3 este martes 28 de abril a Palmillas, checando documentaci\u00f3n y vialidades e iniciar jornadas de regularizaci\u00f3n y escrituraci\u00f3n en el municipio en unos d\u00edas m\u00e1s. Al parecer se van a ofrecer hasta un 50% de descuento en tr\u00e1mites para casas y terrenos bald\u00edos. Esta campa\u00f1a busca brindar certeza jur\u00eddica a las familias; permitiendo convertir terrenos irregulares en propiedad. El arranque lo encabez\u00f3 la alcaldesa Sindy Monita Ram\u00edrez, el Delegado de este organismo en la regi\u00f3n, As\u00eds de Jes\u00fas Herrera Hern\u00e1ndez y todo esto dentro del programa \u00abITAVU en tu Colonia\u00bb. Qu\u00e9 bueno.<\/p>\n\n\n\n<p>3.- En gira de trabajo por Victoria, el alcalde capitalino Lalo Gatt\u00e1s supervis\u00f3 personalmente el dren pluvial que cruza por el 12 y 13 Berrioz\u00e1bal en la Colonia San Francisco. Le acompa\u00f1o parte de su equipo de trabajo en esta supervisi\u00f3n.<\/p>\n\n\n\n<p>\u201cSabemos que este punto es clave para la tranquilidad de muchas familias, por eso di la instrucci\u00f3n a nuestros equipos de atenderlo y darle el seguimiento necesario\u201d, dijo. \u00a1La seguridad de las familias es primero!, agreg\u00f3.<\/p>\n\n\n\n<p>\u200b4.- Por si no lo sabe, aqu\u00ed se lo decimos en dialogando. Sera este pr\u00f3ximo domingo 3 de mayo cuando se celebre el VIII Congreso Nacional de Morena a las 11 horas en el World Trade Center de la ciudad de M\u00e9xico. Ah\u00ed mismo tomar\u00e1 la protesta la nueva dirigencia de ese instituto pol\u00edtico que encabezar\u00e1 la mexiquense Ariadna Montiel Reyes, por lo que seguramente estar\u00e1 presente toda la plana mayor de Morena en la entidad, encabezado por el Primer Morenista de Tamaulipas, AVA, para atestiguar y ovacionar a la nueva dirigencia. Pendientes.<br>Por hoy es todo, en la pr\u00f3xima seguiremos dialogando del acontecer pol\u00edtico tamaulipeco.<\/p>\n","protected":false},"excerpt":{"rendered":"<p>Dialogando *Y le dicen por all\u00e1: \u201cPor favor se\u00f1ora Gladys y Roque, tengan tantito respeto a nuestra Bandera Nacional Por Roberto Olvera P\u00e9rezEs de todos conocido que la alcaldesa de Miquihuana, la panista, la que se dice enfermera y no sabe poner una inyecci\u00f3n, Gladys Magalis Vargas Rangel, as\u00ed como su media naranja, \u00e9l tambi\u00e9n &hellip;<\/p>\n","protected":false},"author":2,"featured_media":1191,"comment_status":"open","ping_status":"open","sticky":false,"template":"","format":"standard","meta":{"footnotes":""},"categories":[4],"tags":[],"class_list":["post-9030","post","type-post","status-publish","format-standard","has-post-thumbnail","","category-columnistas-fashion"],"_links":{"self":[{"href":"https:\/\/norestedigital.net\/index.php\/wp-json\/wp\/v2\/posts\/9030","targetHints":{"allow":["GET"]}}],"collection":[{"href":"https:\/\/norestedigital.net\/index.php\/wp-json\/wp\/v2\/posts"}],"about":[{"href":"https:\/\/norestedigital.net\/index.php\/wp-json\/wp\/v2\/types\/post"}],"author":[{"embeddable":true,"href":"https:\/\/norestedigital.net\/index.php\/wp-json\/wp\/v2\/users\/2"}],"replies":[{"embeddable":true,"href":"https:\/\/norestedigital.net\/index.php\/wp-json\/wp\/v2\/comments?post=9030"}],"version-history":[{"count":2,"href":"https:\/\/norestedigital.net\/index.php\/wp-json\/wp\/v2\/posts\/9030\/revisions"}],"predecessor-version":[{"id":12220,"href":"https:\/\/norestedigital.net\/index.php\/wp-json\/wp\/v2\/posts\/9030\/revisions\/12220"}],"wp:featuredmedia":[{"embeddable":true,"href":"https:\/\/norestedigital.net\/index.php\/wp-json\/wp\/v2\/media\/1191"}],"wp:attachment":[{"href":"https:\/\/norestedigital.net\/index.php\/wp-json\/wp\/v2\/media?parent=9030"}],"wp:term":[{"taxonomy":"category","embeddable":true,"href":"https:\/\/norestedigital.net\/index.php\/wp-json\/wp\/v2\/categories?post=9030"},{"taxonomy":"post_tag","embeddable":true,"href":"https:\/\/norestedigital.net\/index.php\/wp-json\/wp\/v2\/tags?post=9030"}],"curies":[{"name":"wp","href":"https:\/\/api.w.org\/{rel}","templated":true}]}}