{"id":9035,"date":"2026-03-24T19:47:16","date_gmt":"2026-03-25T01:47:16","guid":{"rendered":"https:\/\/norestedigital.net\/?p=9035"},"modified":"2026-03-24T19:47:18","modified_gmt":"2026-03-25T01:47:18","slug":"invita-gobierno-de-nuevo-laredo-a-disfrutar-los-museos-del-centro-cultural-en-semana-santa","status":"publish","type":"post","link":"https:\/\/norestedigital.net\/index.php\/2026\/03\/24\/invita-gobierno-de-nuevo-laredo-a-disfrutar-los-museos-del-centro-cultural-en-semana-santa\/","title":{"rendered":"INVITA GOBIERNO DE NUEVO LAREDO A DISFRUTAR LOS MUSEOS DEL CENTRO CULTURAL EN SEMANA SANTA"},"content":{"rendered":"\n<p>INVITA GOBIERNO DE NUEVO LAREDO A DISFRUTAR LOS MUSEOS DEL CENTRO CULTURAL EN SEMANA SANTA<\/p>\n\n\n\n<p>Con el objetivo de fomentar la convivencia familiar y el acceso a la cultura durante el periodo vacacional, el Gobierno Municipal invita a las familias a visitar los museos ubicados en el Centro Cultural, una opci\u00f3n educativa y recreativa para todas las edades en esta Semana Santa.<\/p>\n\n\n\n<p>Entre los espacios disponibles se encuentra el Museo de Historia Natural, donde las y los visitantes podr\u00e1n realizar un recorrido por la historia local desde hace millones de a\u00f1os hasta la actualidad. Este recinto cuenta con una exposici\u00f3n permanente que abarca desde la etapa prehist\u00f3rica, destacando r\u00e9plicas de esqueletos de dinosaurios, hasta la evoluci\u00f3n de la regi\u00f3n en tiempos contempor\u00e1neos.<\/p>\n\n\n\n<p>De igual forma, el Museo \u201cReyes Meza\u201d ofrece una experiencia art\u00edstica con diversas exposiciones que incluyen trabajos de pintura, escultura y otras t\u00e9cnicas, promoviendo el talento y la apreciaci\u00f3n del arte en sus distintas expresiones.<\/p>\n\n\n\n<p>Los museos estar\u00e1n abiertos al p\u00fablico de martes a domingo, en un horario de 10:00 de la ma\u00f1ana a 6:00 de la tarde. Se informa que \u00fanicamente el domingo de Pascua permanecer\u00e1n cerrados.<\/p>\n\n\n\n<p>El Gobierno Municipal reitera la invitaci\u00f3n a la ciudadan\u00eda para aprovechar estos espacios culturales durante las vacaciones, fortaleciendo la uni\u00f3n familiar y el aprendizaje a trav\u00e9s de la historia y el arte.<\/p>\n","protected":false},"excerpt":{"rendered":"<p>INVITA GOBIERNO DE NUEVO LAREDO A DISFRUTAR LOS MUSEOS DEL CENTRO CULTURAL EN SEMANA SANTA Con el objetivo de fomentar la convivencia familiar y el acceso a la cultura durante el periodo vacacional, el Gobierno Municipal invita a las familias a visitar los museos ubicados en el Centro Cultural, una opci\u00f3n educativa y recreativa para &hellip;<\/p>\n","protected":false},"author":2,"featured_media":9036,"comment_status":"open","ping_status":"open","sticky":false,"template":"","format":"standard","meta":{"footnotes":""},"categories":[37],"tags":[],"class_list":["post-9035","post","type-post","status-publish","format-standard","has-post-thumbnail","","category-nuevo-laredo"],"_links":{"self":[{"href":"https:\/\/norestedigital.net\/index.php\/wp-json\/wp\/v2\/posts\/9035","targetHints":{"allow":["GET"]}}],"collection":[{"href":"https:\/\/norestedigital.net\/index.php\/wp-json\/wp\/v2\/posts"}],"about":[{"href":"https:\/\/norestedigital.net\/index.php\/wp-json\/wp\/v2\/types\/post"}],"author":[{"embeddable":true,"href":"https:\/\/norestedigital.net\/index.php\/wp-json\/wp\/v2\/users\/2"}],"replies":[{"embeddable":true,"href":"https:\/\/norestedigital.net\/index.php\/wp-json\/wp\/v2\/comments?post=9035"}],"version-history":[{"count":1,"href":"https:\/\/norestedigital.net\/index.php\/wp-json\/wp\/v2\/posts\/9035\/revisions"}],"predecessor-version":[{"id":9037,"href":"https:\/\/norestedigital.net\/index.php\/wp-json\/wp\/v2\/posts\/9035\/revisions\/9037"}],"wp:featuredmedia":[{"embeddable":true,"href":"https:\/\/norestedigital.net\/index.php\/wp-json\/wp\/v2\/media\/9036"}],"wp:attachment":[{"href":"https:\/\/norestedigital.net\/index.php\/wp-json\/wp\/v2\/media?parent=9035"}],"wp:term":[{"taxonomy":"category","embeddable":true,"href":"https:\/\/norestedigital.net\/index.php\/wp-json\/wp\/v2\/categories?post=9035"},{"taxonomy":"post_tag","embeddable":true,"href":"https:\/\/norestedigital.net\/index.php\/wp-json\/wp\/v2\/tags?post=9035"}],"curies":[{"name":"wp","href":"https:\/\/api.w.org\/{rel}","templated":true}]}}