{"id":909,"date":"2026-02-26T15:19:40","date_gmt":"2026-02-26T21:19:40","guid":{"rendered":"https:\/\/norestedigital.net\/?p=909"},"modified":"2026-02-26T15:19:42","modified_gmt":"2026-02-26T21:19:42","slug":"tampico-va-por-el-rescate-de-su-centro-historico","status":"publish","type":"post","link":"https:\/\/norestedigital.net\/index.php\/2026\/02\/26\/tampico-va-por-el-rescate-de-su-centro-historico\/","title":{"rendered":"Tampico va por el rescate de su centro hist\u00f3rico"},"content":{"rendered":"\n<p>V\u00edctor Hugo Mart\u00ednez<\/p>\n\n\n\n<p>En el marco de la Sesi\u00f3n Ordinaria n\u00famero 53 de Cabildo, se oficializ\u00f3 el nombramiento de David Granados como titular de la Autoridad del Centro Hist\u00f3rico de Tampico (ACEHTAM).&nbsp;<\/p>\n\n\n\n<p>Esta designaci\u00f3n ocurre tras la publicaci\u00f3n del decreto del Congreso del Estado en el Peri\u00f3dico Oficial, con el cual qued\u00f3 formalmente constituido este Organismo P\u00fablico Descentralizado.<\/p>\n\n\n\n<p>La alcaldesa M\u00f3nica Villarreal Anaya se\u00f1al\u00f3 que la creaci\u00f3n de este organismo y la integraci\u00f3n de su titular buscan dar seguimiento a los proyectos de mejora en el primer cuadro de la ciudad. \u00abCon el nombramiento de David Granados, buscamos dar un impulso real y certero al Centro Hist\u00f3rico de nuestra ciudad\u00bb, declar\u00f3 la mandataria durante la sesi\u00f3n.<\/p>\n\n\n\n<figure class=\"wp-block-image\"><img decoding=\"async\" src=\"https:\/\/i0.wp.com\/ejeconurbado.com\/wp-content\/uploads\/2026\/02\/CENTRO.jpeg?resize=656%2C437&amp;ssl=1\" alt=\"\" class=\"wp-image-2104\"\/><\/figure>\n\n\n\n<p><strong>Funciones del Organismo P\u00fablico Descentralizado<\/strong><\/p>\n\n\n\n<p>Con la constituci\u00f3n legal de ACEHTAM, el nuevo funcionario tendr\u00e1 la responsabilidad de coordinar esfuerzos entre las dependencias municipales y los sectores productivos.&nbsp;<\/p>\n\n\n\n<p>Villarreal Anaya subray\u00f3 que la labor de Granados ser\u00e1 fundamental para la gesti\u00f3n de proyectos de infraestructura y el fomento de la actividad comercial bajo esta nueva figura administrativa.<\/p>\n\n\n\n<p>Por su parte, David Granados manifest\u00f3 que su gesti\u00f3n se centrar\u00e1 en la colaboraci\u00f3n con los sectores involucrados. \u00abTenemos la encomienda de trabajar de la mano con los comerciantes y la ciudadan\u00eda para que el Centro Hist\u00f3rico recupere su dinamismo econ\u00f3mico\u00bb, asegur\u00f3 tras rendir protesta ante el cuerpo edilicio.<\/p>\n\n\n\n<p><strong>Marco Legal<\/strong><\/p>\n\n\n\n<p>La formalizaci\u00f3n de este organismo permite que la oficina cuente con una estructura operativa y personalidad jur\u00eddica propia para atender los desaf\u00edos de mantenimiento, rehabilitaci\u00f3n y ordenamiento del coraz\u00f3n de Tampico.&nbsp;<\/p>\n\n\n\n<p>La alcaldesa enfatiz\u00f3 que este paso administrativo responde a la necesidad de contar con una entidad enfocada exclusivamente en el desarrollo de esta zona.<\/p>\n","protected":false},"excerpt":{"rendered":"<p>V\u00edctor Hugo Mart\u00ednez En el marco de la Sesi\u00f3n Ordinaria n\u00famero 53 de Cabildo, se oficializ\u00f3 el nombramiento de David Granados como titular de la Autoridad del Centro Hist\u00f3rico de Tampico (ACEHTAM).&nbsp; Esta designaci\u00f3n ocurre tras la publicaci\u00f3n del decreto del Congreso del Estado en el Peri\u00f3dico Oficial, con el cual qued\u00f3 formalmente constituido este &hellip;<\/p>\n","protected":false},"author":2,"featured_media":6151,"comment_status":"open","ping_status":"open","sticky":false,"template":"","format":"standard","meta":{"footnotes":""},"categories":[62,54],"tags":[],"class_list":["post-909","post","type-post","status-publish","format-standard","has-post-thumbnail","","category-portada","category-tampico"],"_links":{"self":[{"href":"https:\/\/norestedigital.net\/index.php\/wp-json\/wp\/v2\/posts\/909","targetHints":{"allow":["GET"]}}],"collection":[{"href":"https:\/\/norestedigital.net\/index.php\/wp-json\/wp\/v2\/posts"}],"about":[{"href":"https:\/\/norestedigital.net\/index.php\/wp-json\/wp\/v2\/types\/post"}],"author":[{"embeddable":true,"href":"https:\/\/norestedigital.net\/index.php\/wp-json\/wp\/v2\/users\/2"}],"replies":[{"embeddable":true,"href":"https:\/\/norestedigital.net\/index.php\/wp-json\/wp\/v2\/comments?post=909"}],"version-history":[{"count":2,"href":"https:\/\/norestedigital.net\/index.php\/wp-json\/wp\/v2\/posts\/909\/revisions"}],"predecessor-version":[{"id":6152,"href":"https:\/\/norestedigital.net\/index.php\/wp-json\/wp\/v2\/posts\/909\/revisions\/6152"}],"wp:featuredmedia":[{"embeddable":true,"href":"https:\/\/norestedigital.net\/index.php\/wp-json\/wp\/v2\/media\/6151"}],"wp:attachment":[{"href":"https:\/\/norestedigital.net\/index.php\/wp-json\/wp\/v2\/media?parent=909"}],"wp:term":[{"taxonomy":"category","embeddable":true,"href":"https:\/\/norestedigital.net\/index.php\/wp-json\/wp\/v2\/categories?post=909"},{"taxonomy":"post_tag","embeddable":true,"href":"https:\/\/norestedigital.net\/index.php\/wp-json\/wp\/v2\/tags?post=909"}],"curies":[{"name":"wp","href":"https:\/\/api.w.org\/{rel}","templated":true}]}}