{"id":9096,"date":"2026-03-25T11:44:03","date_gmt":"2026-03-25T17:44:03","guid":{"rendered":"https:\/\/norestedigital.net\/?p=9096"},"modified":"2026-03-25T11:44:10","modified_gmt":"2026-03-25T17:44:10","slug":"con-emotivo-concierto-celebran-aniversario-de-la-infoteca-sor-juana-ines-de-la-cruz-en-nuevo-laredo","status":"publish","type":"post","link":"https:\/\/norestedigital.net\/index.php\/2026\/03\/25\/con-emotivo-concierto-celebran-aniversario-de-la-infoteca-sor-juana-ines-de-la-cruz-en-nuevo-laredo\/","title":{"rendered":"CON EMOTIVO CONCIERTO CELEBRAN ANIVERSARIO DE LA INFOTECA \u00abSOR JUANA IN\u00c9S DE LA CRUZ\u00bb EN NUEVO LAREDO"},"content":{"rendered":"\n<p>CON EMOTIVO CONCIERTO CELEBRAN ANIVERSARIO DE LA INFOTECA \u00abSOR JUANA IN\u00c9S DE LA CRUZ\u00bb EN NUEVO LAREDO<\/p>\n\n\n\n<p>Maestros, estudiantes, funcionarios de gobierno, representantes de asociaciones civiles y comunidad en general disfrutaron de un emotivo concierto en la Infoteca \u00abSor Juana In\u00e9s de la Cruz\u00bb de Nuevo Laredo como parte del primer aniversario de la creaci\u00f3n de ese recinto.<\/p>\n\n\n\n<p>\u00abLa fiera borrasca\u00bb es el t\u00edtulo de la actividad art\u00edstica presentada por la cantautora y actriz mexicana Leticia Serv\u00edn y la contrabajista y compositora mexicana Pilar S\u00e1nchez Roa, quienes a ritmo del son, del huapango y del corrido, entre otros g\u00e9neros musicales, interpretaron poemas de la \u00abD\u00e9cima Musa\u00bb, adaptados en canciones de una manera majestuosa.<\/p>\n\n\n\n<p>\u00abMe siento conmovida, emocionada al ver que un lugar tan hermoso como este le rinde honor a Sor Juana In\u00e9s de la Cruz como en ninguna otra parte de M\u00e9xico lo he visto\u00bb, dijo Leticia Serv\u00edn.<\/p>\n\n\n\n<p>\u00abLos felicito por este hermoso lugar y por promover el legado de esta gran mujer que me encantar\u00eda que en el lugar donde vivo sepan y vean que hay ciudades como Nuevo Laredo que est\u00e1n haciendo cosas tan hermosas en el \u00e1mbito cultural\u00bb, agreg\u00f3 la artista.<\/p>\n\n\n\n<p>En representaci\u00f3n de la presidenta municipal, Carmen Lilia Canturosas Villarreal estuvo presente Juan \u00c1ngel Mart\u00ednez Salazar, secretario de Educaci\u00f3n, Cultura y Deporte, quien entreg\u00f3 reconocimientos a la artistas invitadas y certificados de agradecimiento a quienes han donado libros a la Infoteca desde su creaci\u00f3n hasta la fecha.<\/p>\n\n\n\n<p>Entre los donantes, destacan la se\u00f1ora Claudette Villarreal de Canturosas, Mar\u00eda Luisa Resendez, Silvia Soto de Rosales, Gloria Garc\u00eda, H\u00e9ctor Adolfo Mondrag\u00f3n Mass, Juana Elia Puente Valdez y Sonia Guerrero de Buer\u00f3n.<\/p>\n\n\n\n<p>Cabe destacar que a trav\u00e9s de est\u00e1s valiosas aportaciones comunitarias y gestiones gubernamentales, la Infoteca cuenta actualmente con un acervo de 4 mil libros f\u00edsicos de diversas tem\u00e1ticas.<\/p>\n\n\n\n<p>El recinto fue inaugurado el 24 de marzo de 2025 y tan s\u00f3lo de esa fecha a noviembre del mismo a\u00f1o tuvo un flujo aproximado de 15 mil personas en visitas guiadas, cursos, presentaciones de libros, obras de teatro, cert\u00e1menes de oratoria y ajedrez, entre otro tipo de actividades.<\/p>\n\n\n\n<p>La Infoteca, en la que se invirtieron 59 millones de pesos, cuenta con dos salas de lectura, una sala de conferencias, un \u00e1rea de trabajo, un sal\u00f3n de usos m\u00faltiples, una sala de lectura exterior, estacionamiento, \u00e1reas verdes, jardineras y una explanada general. Adem\u00e1s, operar\u00e1 bajo los lineamientos de la Red Estatal de Bibliotecas P\u00fablicas de Tamaulipas, lo que garantizar\u00e1 servicios de calidad y acceso equitativo a la informaci\u00f3n.<\/p>\n\n\n\n<p>El recinto representa un beneficio directo para las y los estudiantes de Nuevo Laredo, quienes cuentan con un espacio id\u00f3neo para fortalecer sus habilidades acad\u00e9micas, desarrollar proyectos innovadores y fomentar el h\u00e1bito de la lectura.<\/p>\n","protected":false},"excerpt":{"rendered":"<p>CON EMOTIVO CONCIERTO CELEBRAN ANIVERSARIO DE LA INFOTECA \u00abSOR JUANA IN\u00c9S DE LA CRUZ\u00bb EN NUEVO LAREDO Maestros, estudiantes, funcionarios de gobierno, representantes de asociaciones civiles y comunidad en general disfrutaron de un emotivo concierto en la Infoteca \u00abSor Juana In\u00e9s de la Cruz\u00bb de Nuevo Laredo como parte del primer aniversario de la creaci\u00f3n &hellip;<\/p>\n","protected":false},"author":2,"featured_media":9097,"comment_status":"open","ping_status":"open","sticky":false,"template":"","format":"standard","meta":{"footnotes":""},"categories":[2,37],"tags":[],"class_list":["post-9096","post","type-post","status-publish","format-standard","has-post-thumbnail","","category-mun","category-nuevo-laredo"],"_links":{"self":[{"href":"https:\/\/norestedigital.net\/index.php\/wp-json\/wp\/v2\/posts\/9096","targetHints":{"allow":["GET"]}}],"collection":[{"href":"https:\/\/norestedigital.net\/index.php\/wp-json\/wp\/v2\/posts"}],"about":[{"href":"https:\/\/norestedigital.net\/index.php\/wp-json\/wp\/v2\/types\/post"}],"author":[{"embeddable":true,"href":"https:\/\/norestedigital.net\/index.php\/wp-json\/wp\/v2\/users\/2"}],"replies":[{"embeddable":true,"href":"https:\/\/norestedigital.net\/index.php\/wp-json\/wp\/v2\/comments?post=9096"}],"version-history":[{"count":1,"href":"https:\/\/norestedigital.net\/index.php\/wp-json\/wp\/v2\/posts\/9096\/revisions"}],"predecessor-version":[{"id":9098,"href":"https:\/\/norestedigital.net\/index.php\/wp-json\/wp\/v2\/posts\/9096\/revisions\/9098"}],"wp:featuredmedia":[{"embeddable":true,"href":"https:\/\/norestedigital.net\/index.php\/wp-json\/wp\/v2\/media\/9097"}],"wp:attachment":[{"href":"https:\/\/norestedigital.net\/index.php\/wp-json\/wp\/v2\/media?parent=9096"}],"wp:term":[{"taxonomy":"category","embeddable":true,"href":"https:\/\/norestedigital.net\/index.php\/wp-json\/wp\/v2\/categories?post=9096"},{"taxonomy":"post_tag","embeddable":true,"href":"https:\/\/norestedigital.net\/index.php\/wp-json\/wp\/v2\/tags?post=9096"}],"curies":[{"name":"wp","href":"https:\/\/api.w.org\/{rel}","templated":true}]}}