{"id":9119,"date":"2026-03-25T16:57:39","date_gmt":"2026-03-25T22:57:39","guid":{"rendered":"https:\/\/norestedigital.net\/?p=9119"},"modified":"2026-03-25T16:57:42","modified_gmt":"2026-03-25T22:57:42","slug":"parque-la-junta-sera-casa-de-los-los-tecos-de-los-dos-laredos-un-ano-mas-cabildo-aprueba-comodato-a-favor-del-equipo","status":"publish","type":"post","link":"https:\/\/norestedigital.net\/index.php\/2026\/03\/25\/parque-la-junta-sera-casa-de-los-los-tecos-de-los-dos-laredos-un-ano-mas-cabildo-aprueba-comodato-a-favor-del-equipo\/","title":{"rendered":"PARQUE \u2018LA JUNTA\u2019 SER\u00c1 CASA DE LOS LOS TECOS DE LOS DOS LAREDOS UN A\u00d1O M\u00c1S; CABILDO APRUEBA COMODATO A FAVOR DEL EQUIPO"},"content":{"rendered":"\n<p>PARQUE \u2018LA JUNTA\u2019 SER\u00c1 CASA DE LOS LOS TECOS DE LOS DOS LAREDOS UN A\u00d1O M\u00c1S; CABILDO APRUEBA COMODATO A FAVOR DEL EQUIPO<\/p>\n\n\n\n<p>El Cabildo de Nuevo Laredo aprob\u00f3 por unanimidad el comodato del Parque La Junta, con el prop\u00f3sito de que, por un a\u00f1o m\u00e1s, contin\u00fae siendo la sede del equipo profesional Tecos de los Dos Laredos, reafirmando as\u00ed el compromiso institucional con el deporte, la identidad local y la cohesi\u00f3n social.<\/p>\n\n\n\n<p>Durante la sesi\u00f3n, la presidenta municipal, Carmen Lilia Canturosas, destac\u00f3 que tanto el Parque La Junta como los Tecos forman parte del patrimonio hist\u00f3rico de la ciudad, consolid\u00e1ndose como s\u00edmbolos que han acompa\u00f1ado a generaciones de neolaredenses.<\/p>\n\n\n\n<p>En este sentido, la permanencia del equipo en este emblem\u00e1tico espacio no solo preserva una tradici\u00f3n, sino que fortalece el sentido de pertenencia y orgullo comunitario.<\/p>\n\n\n\n<p>\u201cEl otorgamiento del comodato no debe entenderse \u00fanicamente como la cesi\u00f3n de un espacio f\u00edsico, sino como una decisi\u00f3n estrat\u00e9gica; representa una inversi\u00f3n social, cultural y econ\u00f3mica para nuestro municipio. Entre los principales beneficios que se derivan de este tipo de acciones destacan el fortalecimiento del tejido social y de la identidad local al contar con un equipo que une generaciones y fomenta el sentido de pertenencia, pues los Tecos de los Dos Laredos es uno de nuestros m\u00e1ximos representantes\u201d, se\u00f1al\u00f3.<\/p>\n\n\n\n<p>Destac\u00f3 que el Gobierno Municipal ha reiterado que una de sus prioridades es impulsar el deporte y la sana convivencia familiar, mediante la creaci\u00f3n y fortalecimiento de espacios de recreaci\u00f3n y esparcimiento accesibles para toda la ciudadan\u00eda.<\/p>\n\n\n\n<p>Como parte de esta pol\u00edtica p\u00fablica, recientemente se promovieron oportunidades para j\u00f3venes talentos locales a trav\u00e9s de un tryout, donde se evidenci\u00f3 la calidad de los peloteros de la regi\u00f3n, quienes encuentran en instituciones como los Tecos una plataforma de desarrollo, inspiraci\u00f3n y proyecci\u00f3n profesional.<\/p>\n\n\n\n<p>Finalmente, se inform\u00f3 que el equipo abrir\u00e1 su temporada en casa el pr\u00f3ximo 21 de abril, enfrentando a los Charros de Jalisco, en lo que se espera sea una jornada que re\u00fana a las familias neolaredenses en torno al deporte y la identidad que distingue a la ciudad.<\/p>\n","protected":false},"excerpt":{"rendered":"<p>PARQUE \u2018LA JUNTA\u2019 SER\u00c1 CASA DE LOS LOS TECOS DE LOS DOS LAREDOS UN A\u00d1O M\u00c1S; CABILDO APRUEBA COMODATO A FAVOR DEL EQUIPO El Cabildo de Nuevo Laredo aprob\u00f3 por unanimidad el comodato del Parque La Junta, con el prop\u00f3sito de que, por un a\u00f1o m\u00e1s, contin\u00fae siendo la sede del equipo profesional Tecos de &hellip;<\/p>\n","protected":false},"author":2,"featured_media":9120,"comment_status":"open","ping_status":"open","sticky":false,"template":"","format":"standard","meta":{"footnotes":""},"categories":[37],"tags":[],"class_list":["post-9119","post","type-post","status-publish","format-standard","has-post-thumbnail","","category-nuevo-laredo"],"_links":{"self":[{"href":"https:\/\/norestedigital.net\/index.php\/wp-json\/wp\/v2\/posts\/9119","targetHints":{"allow":["GET"]}}],"collection":[{"href":"https:\/\/norestedigital.net\/index.php\/wp-json\/wp\/v2\/posts"}],"about":[{"href":"https:\/\/norestedigital.net\/index.php\/wp-json\/wp\/v2\/types\/post"}],"author":[{"embeddable":true,"href":"https:\/\/norestedigital.net\/index.php\/wp-json\/wp\/v2\/users\/2"}],"replies":[{"embeddable":true,"href":"https:\/\/norestedigital.net\/index.php\/wp-json\/wp\/v2\/comments?post=9119"}],"version-history":[{"count":1,"href":"https:\/\/norestedigital.net\/index.php\/wp-json\/wp\/v2\/posts\/9119\/revisions"}],"predecessor-version":[{"id":9121,"href":"https:\/\/norestedigital.net\/index.php\/wp-json\/wp\/v2\/posts\/9119\/revisions\/9121"}],"wp:featuredmedia":[{"embeddable":true,"href":"https:\/\/norestedigital.net\/index.php\/wp-json\/wp\/v2\/media\/9120"}],"wp:attachment":[{"href":"https:\/\/norestedigital.net\/index.php\/wp-json\/wp\/v2\/media?parent=9119"}],"wp:term":[{"taxonomy":"category","embeddable":true,"href":"https:\/\/norestedigital.net\/index.php\/wp-json\/wp\/v2\/categories?post=9119"},{"taxonomy":"post_tag","embeddable":true,"href":"https:\/\/norestedigital.net\/index.php\/wp-json\/wp\/v2\/tags?post=9119"}],"curies":[{"name":"wp","href":"https:\/\/api.w.org\/{rel}","templated":true}]}}