{"id":9128,"date":"2026-03-25T17:11:31","date_gmt":"2026-03-25T23:11:31","guid":{"rendered":"https:\/\/norestedigital.net\/?p=9128"},"modified":"2026-03-25T17:11:33","modified_gmt":"2026-03-25T23:11:33","slug":"autorizan-la-ampliacion-de-la-oficina-fiscal-del-estado","status":"publish","type":"post","link":"https:\/\/norestedigital.net\/index.php\/2026\/03\/25\/autorizan-la-ampliacion-de-la-oficina-fiscal-del-estado\/","title":{"rendered":"Autorizan la ampliaci\u00f3n de la Oficina Fiscal del Estado"},"content":{"rendered":"\n<p><em><strong>Autorizan la ampliaci\u00f3n de<\/strong><\/em> <em><strong>la Oficina Fiscal del Estado<\/strong><\/em><\/p>\n\n\n\n<p><em><strong>&nbsp;&nbsp;&nbsp;&nbsp;&nbsp;&nbsp;&nbsp;&nbsp;&nbsp;&nbsp;&nbsp;&nbsp;&nbsp;&nbsp;&nbsp;&nbsp;&nbsp;&nbsp;&nbsp;&nbsp;&nbsp;&nbsp;&nbsp;&nbsp;&nbsp;&nbsp;&nbsp;&nbsp;&nbsp;&nbsp;&nbsp;&nbsp;&nbsp;&nbsp;&nbsp;&nbsp;&nbsp;&nbsp;&nbsp;&nbsp;&nbsp;&nbsp;&nbsp;&nbsp;&nbsp;&nbsp;&nbsp;Por Javier Claudio<\/strong><\/em><\/p>\n\n\n\n<p><em>&nbsp;&nbsp;&nbsp;&nbsp;&nbsp;&nbsp;&nbsp;&nbsp;&nbsp;&nbsp;&nbsp;&nbsp;Finalmente fue autorizado por el Gobierno del Estado el proyecto de ampliaci\u00f3n de la Oficina Fiscal del Estado de Nuevo Laredo, cuya gesti\u00f3n entr\u00f3 a proceso para la asignaci\u00f3n de la fecha del inicio de la importante obra.<\/em><\/p>\n\n\n\n<p><em>&nbsp;&nbsp;&nbsp;&nbsp;&nbsp;&nbsp;&nbsp;&nbsp;&nbsp;&nbsp;&nbsp;&nbsp;&nbsp;El proyecto de ampliaci\u00f3n de la oficina tributaria del Estado en Nuevo Laredo ser\u00e1 realizado de manera bipartida, es decir por el Gobierno del Estado y el Municipio de Nuevo Laredo, luego de ser al ser avalado por el gobernador Am\u00e9rico Villareal Anaya y la presidenta Municipal Carmen Lilia Canturosas Villarreal.<\/em><\/p>\n\n\n\n<p><em>&nbsp;&nbsp;&nbsp;&nbsp;&nbsp;&nbsp;&nbsp;&nbsp;&nbsp;&nbsp;&nbsp;&nbsp;Abordado el titular de la Oficina Fiscal del Estado, Roque Hern\u00e1ndez Reyes, dijo que la obra beneficio propiciar\u00e1 una mayor din\u00e1mica de los servicios que brinda esta dependencia del Estado a los contribuyentes.<\/em><\/p>\n\n\n\n<p><em>&nbsp;&nbsp;&nbsp;&nbsp;&nbsp;&nbsp;&nbsp;&nbsp;&nbsp;&nbsp;&nbsp;&nbsp;Cabe se\u00f1alar que fue el a\u00f1o pasado cuando este medio dio a conocer el proyecto de ampliaci\u00f3n de la Oficia Fiscal, enfocado a atender una demanda por necesidad del crecimiento del n\u00famero de servicios y contribuyentes.<\/em><\/p>\n\n\n\n<p><em>&nbsp;&nbsp;&nbsp;&nbsp;&nbsp;&nbsp;&nbsp;&nbsp;&nbsp;&nbsp;&nbsp;&nbsp;\u201cLa obra de ampliaci\u00f3n tiene la aprobaci\u00f3n del Gobierno del Estado y del Cabildo de Nuevo Laredo, solo queda pendiente la fecha de arranque de los trabajos, que en si en su mayor parte ser\u00e1 expandir el edificio\u201d, coment\u00f3.<\/em><\/p>\n\n\n\n<p><em>&nbsp;&nbsp;&nbsp;&nbsp;&nbsp;&nbsp;&nbsp;&nbsp;&nbsp;&nbsp;&nbsp;&nbsp;Indic\u00f3 Hern\u00e1ndez Reyes que estos trabajos est\u00e1n enfocados mayormente a aprovechar los espacios de la oficina recaudatoria, adem\u00e1s de crecer hacia el costado sur donde mayormente se dar\u00e1 atenci\u00f3n a tr\u00e1mite de licencias.<\/em><\/p>\n\n\n\n<p><em>&nbsp;&nbsp;&nbsp;&nbsp;&nbsp;&nbsp;&nbsp;&nbsp;&nbsp;&nbsp;&nbsp;&nbsp;La Oficina Fiscal del Estado brinda entre otros servicios un promedio de tres mil licencias por mes y cerca de dos mil en placas en el mismo periodo, tr\u00e1mites que a la fecha de vencimiento saturan el edificio.<\/em><\/p>\n","protected":false},"excerpt":{"rendered":"<p>Autorizan la ampliaci\u00f3n de la Oficina Fiscal del Estado &nbsp;&nbsp;&nbsp;&nbsp;&nbsp;&nbsp;&nbsp;&nbsp;&nbsp;&nbsp;&nbsp;&nbsp;&nbsp;&nbsp;&nbsp;&nbsp;&nbsp;&nbsp;&nbsp;&nbsp;&nbsp;&nbsp;&nbsp;&nbsp;&nbsp;&nbsp;&nbsp;&nbsp;&nbsp;&nbsp;&nbsp;&nbsp;&nbsp;&nbsp;&nbsp;&nbsp;&nbsp;&nbsp;&nbsp;&nbsp;&nbsp;&nbsp;&nbsp;&nbsp;&nbsp;&nbsp;&nbsp;Por Javier Claudio &nbsp;&nbsp;&nbsp;&nbsp;&nbsp;&nbsp;&nbsp;&nbsp;&nbsp;&nbsp;&nbsp;&nbsp;Finalmente fue autorizado por el Gobierno del Estado el proyecto de ampliaci\u00f3n de la Oficina Fiscal del Estado de Nuevo Laredo, cuya gesti\u00f3n entr\u00f3 a proceso para la asignaci\u00f3n de la fecha del inicio de la importante obra. &nbsp;&nbsp;&nbsp;&nbsp;&nbsp;&nbsp;&nbsp;&nbsp;&nbsp;&nbsp;&nbsp;&nbsp;&nbsp;El proyecto de ampliaci\u00f3n de &hellip;<\/p>\n","protected":false},"author":2,"featured_media":9131,"comment_status":"open","ping_status":"open","sticky":false,"template":"","format":"standard","meta":{"footnotes":""},"categories":[37],"tags":[],"class_list":["post-9128","post","type-post","status-publish","format-standard","has-post-thumbnail","","category-nuevo-laredo"],"_links":{"self":[{"href":"https:\/\/norestedigital.net\/index.php\/wp-json\/wp\/v2\/posts\/9128","targetHints":{"allow":["GET"]}}],"collection":[{"href":"https:\/\/norestedigital.net\/index.php\/wp-json\/wp\/v2\/posts"}],"about":[{"href":"https:\/\/norestedigital.net\/index.php\/wp-json\/wp\/v2\/types\/post"}],"author":[{"embeddable":true,"href":"https:\/\/norestedigital.net\/index.php\/wp-json\/wp\/v2\/users\/2"}],"replies":[{"embeddable":true,"href":"https:\/\/norestedigital.net\/index.php\/wp-json\/wp\/v2\/comments?post=9128"}],"version-history":[{"count":1,"href":"https:\/\/norestedigital.net\/index.php\/wp-json\/wp\/v2\/posts\/9128\/revisions"}],"predecessor-version":[{"id":9132,"href":"https:\/\/norestedigital.net\/index.php\/wp-json\/wp\/v2\/posts\/9128\/revisions\/9132"}],"wp:featuredmedia":[{"embeddable":true,"href":"https:\/\/norestedigital.net\/index.php\/wp-json\/wp\/v2\/media\/9131"}],"wp:attachment":[{"href":"https:\/\/norestedigital.net\/index.php\/wp-json\/wp\/v2\/media?parent=9128"}],"wp:term":[{"taxonomy":"category","embeddable":true,"href":"https:\/\/norestedigital.net\/index.php\/wp-json\/wp\/v2\/categories?post=9128"},{"taxonomy":"post_tag","embeddable":true,"href":"https:\/\/norestedigital.net\/index.php\/wp-json\/wp\/v2\/tags?post=9128"}],"curies":[{"name":"wp","href":"https:\/\/api.w.org\/{rel}","templated":true}]}}