{"id":9133,"date":"2026-03-25T17:15:23","date_gmt":"2026-03-25T23:15:23","guid":{"rendered":"https:\/\/norestedigital.net\/?p=9133"},"modified":"2026-03-25T17:15:27","modified_gmt":"2026-03-25T23:15:27","slug":"crece-25-demanda-de-agua-purificada-y-temen-restriccion","status":"publish","type":"post","link":"https:\/\/norestedigital.net\/index.php\/2026\/03\/25\/crece-25-demanda-de-agua-purificada-y-temen-restriccion\/","title":{"rendered":"Crece 25% demanda de agua purificada y temen restricci\u00f3n"},"content":{"rendered":"\n<p><strong>Crece 25% demanda de agua<\/strong> <strong>purificada y temen restricci\u00f3n<\/strong><\/p>\n\n\n\n<p><strong>&nbsp;&nbsp;&nbsp;&nbsp;&nbsp;&nbsp;&nbsp;&nbsp;&nbsp;&nbsp;&nbsp;&nbsp;&nbsp;&nbsp;&nbsp;&nbsp;&nbsp;&nbsp;&nbsp;&nbsp;&nbsp;&nbsp;&nbsp;&nbsp;&nbsp;&nbsp;&nbsp;&nbsp;&nbsp;&nbsp;&nbsp;&nbsp;&nbsp;&nbsp;&nbsp;&nbsp;&nbsp;&nbsp;&nbsp;&nbsp;&nbsp;&nbsp;&nbsp;&nbsp;&nbsp;&nbsp;&nbsp;Por Javier Claudio<\/strong><\/p>\n\n\n\n<p>Sin que deje de ser preocupaci\u00f3n la crisis de agua debido a la falta de lluvias, las empresas locales expendedoras de agua embotellada alistan atender una demanda de 25 por ciento como inicio de temporada de calor.<\/p>\n\n\n\n<p>El incremento en este tipo de ventas, normalmente registra en el cambio de clima, es decir a la llegada de las primeras temperaturas c\u00e1lidas, las que por lo regular son en el mes de abril y de manera sostenida los cuatro meses siguientes.<\/p>\n\n\n\n<p>&nbsp;Los cambios clim\u00e1ticos, bien podr\u00edan alterar el clima y los tiempos de demanda, pero mientras tanto se prev\u00e9 para elmes de abril la primera variante en demanda que ser\u00eda de un 25 por ciento hasta alcanzar un 35 por ciento en los meses siguientes, dijo Antonio Carlos Su\u00e1rez, supervisor de la empresa Agua Purificada Sierra Azul.<\/p>\n\n\n\n<p>&nbsp;&nbsp;&nbsp;&nbsp;&nbsp;&nbsp;&nbsp;&nbsp;&nbsp;&nbsp;&nbsp;&nbsp;Asinti\u00f3 en que, pese a la falta de lluvias y los almacenamientos bajos en las presas, los controles que aplican las autoridades en la distribuci\u00f3n y suministro del agua no han mermado la cantidad le manejo del agua en la empresa para los procesos, dijo.<\/p>\n\n\n\n<p>&nbsp;&nbsp;&nbsp;&nbsp;&nbsp;&nbsp;&nbsp;&nbsp;&nbsp;&nbsp;&nbsp;&nbsp;Fue entonces que cit\u00f3 que actualmente a\u00fan se tienen ventas normales y ser\u00eda en abril cuando se tenga la variante, la que podr\u00eda alcanzar hasta un 25 por ciento con incremento en los siguientes meses conforme aumente al calor.<\/p>\n\n\n\n<p>&nbsp;&nbsp;&nbsp;&nbsp;&nbsp;&nbsp;&nbsp;&nbsp;&nbsp;&nbsp;&nbsp;&nbsp;En la otra empresa procesadora de agua, uno de los encargos hizo saber la normalidad de las ventas, sin embargo, afirm\u00f3 sobre la preocupaci\u00f3n de los escasos almacenamientos por la falta de lluvias y que en un momento dado se tengan restricciones en la elaboraci\u00f3n.<\/p>\n\n\n\n<p>&nbsp;&nbsp;&nbsp;&nbsp;&nbsp;&nbsp;&nbsp;&nbsp;&nbsp;&nbsp;&nbsp;&nbsp;Detall\u00f3 de la \u201ctemporada alta\u201d de demanda de agua purificada, que en los \u00faltimos a\u00f1os ha alcanzado adicionales por la utilizaci\u00f3n que se le da en las comidas, personas que hacen deporte o alg\u00fan tipo de ejercicio.<\/p>\n","protected":false},"excerpt":{"rendered":"<p>Crece 25% demanda de agua purificada y temen restricci\u00f3n &nbsp;&nbsp;&nbsp;&nbsp;&nbsp;&nbsp;&nbsp;&nbsp;&nbsp;&nbsp;&nbsp;&nbsp;&nbsp;&nbsp;&nbsp;&nbsp;&nbsp;&nbsp;&nbsp;&nbsp;&nbsp;&nbsp;&nbsp;&nbsp;&nbsp;&nbsp;&nbsp;&nbsp;&nbsp;&nbsp;&nbsp;&nbsp;&nbsp;&nbsp;&nbsp;&nbsp;&nbsp;&nbsp;&nbsp;&nbsp;&nbsp;&nbsp;&nbsp;&nbsp;&nbsp;&nbsp;&nbsp;Por Javier Claudio Sin que deje de ser preocupaci\u00f3n la crisis de agua debido a la falta de lluvias, las empresas locales expendedoras de agua embotellada alistan atender una demanda de 25 por ciento como inicio de temporada de calor. El incremento en este tipo de &hellip;<\/p>\n","protected":false},"author":2,"featured_media":9134,"comment_status":"open","ping_status":"open","sticky":false,"template":"","format":"standard","meta":{"footnotes":""},"categories":[37],"tags":[],"class_list":["post-9133","post","type-post","status-publish","format-standard","has-post-thumbnail","","category-nuevo-laredo"],"_links":{"self":[{"href":"https:\/\/norestedigital.net\/index.php\/wp-json\/wp\/v2\/posts\/9133","targetHints":{"allow":["GET"]}}],"collection":[{"href":"https:\/\/norestedigital.net\/index.php\/wp-json\/wp\/v2\/posts"}],"about":[{"href":"https:\/\/norestedigital.net\/index.php\/wp-json\/wp\/v2\/types\/post"}],"author":[{"embeddable":true,"href":"https:\/\/norestedigital.net\/index.php\/wp-json\/wp\/v2\/users\/2"}],"replies":[{"embeddable":true,"href":"https:\/\/norestedigital.net\/index.php\/wp-json\/wp\/v2\/comments?post=9133"}],"version-history":[{"count":1,"href":"https:\/\/norestedigital.net\/index.php\/wp-json\/wp\/v2\/posts\/9133\/revisions"}],"predecessor-version":[{"id":9135,"href":"https:\/\/norestedigital.net\/index.php\/wp-json\/wp\/v2\/posts\/9133\/revisions\/9135"}],"wp:featuredmedia":[{"embeddable":true,"href":"https:\/\/norestedigital.net\/index.php\/wp-json\/wp\/v2\/media\/9134"}],"wp:attachment":[{"href":"https:\/\/norestedigital.net\/index.php\/wp-json\/wp\/v2\/media?parent=9133"}],"wp:term":[{"taxonomy":"category","embeddable":true,"href":"https:\/\/norestedigital.net\/index.php\/wp-json\/wp\/v2\/categories?post=9133"},{"taxonomy":"post_tag","embeddable":true,"href":"https:\/\/norestedigital.net\/index.php\/wp-json\/wp\/v2\/tags?post=9133"}],"curies":[{"name":"wp","href":"https:\/\/api.w.org\/{rel}","templated":true}]}}