{"id":9156,"date":"2026-03-25T21:59:19","date_gmt":"2026-03-26T03:59:19","guid":{"rendered":"https:\/\/norestedigital.net\/?p=9156"},"modified":"2026-03-25T21:59:23","modified_gmt":"2026-03-26T03:59:23","slug":"promueve-dif-tamaulipas-la-comprension-del-autismo-con-conferencia-historias-que-transforman","status":"publish","type":"post","link":"https:\/\/norestedigital.net\/index.php\/2026\/03\/25\/promueve-dif-tamaulipas-la-comprension-del-autismo-con-conferencia-historias-que-transforman\/","title":{"rendered":"Promueve DIF Tamaulipas la comprensi\u00f3n del autismo con conferencia \u201cHistorias que Transforman\u201d"},"content":{"rendered":"\n<p>Marzo 25 de 2026<\/p>\n\n\n\n<p>Ciudad Victoria, Tamaulipas.- Para sensibilizar a la comunidad en general, as\u00ed como fortalecer el conocimiento sobre el autismo y reafirmar el compromiso social de construir entornos m\u00e1s emp\u00e1ticos, accesibles e inclusivos, el Sistema DIF Tamaulipas, que preside la doctora Mar\u00eda de Villarreal, llev\u00f3 a cabo la conferencia \u201cAutismo: Historias que Transforman\u201d, en el marco de la conmemoraci\u00f3n del D\u00eda de la Concienciaci\u00f3n sobre el Autismo y el Mes de la Educaci\u00f3n Especial e Inclusiva.<\/p>\n\n\n\n<p>\u201cHoy la labor del DIF Tamaulipas a favor de la poblaci\u00f3n de atenci\u00f3n prioritaria revela numerosas historias que transforman y que se han construido en el Centro de Autismo Tamaulipas (CATAM), que nos llenan de gran amor y satisfacci\u00f3n, as\u00ed como de agradecimiento y felicidad. Nos motivan a seguir abriendo espacios como este, que fomentan la inclusi\u00f3n, el aprendizaje y la empat\u00eda\u201d, dijo Patricia Eugenia Lara Ayala, directora general del DIF Tamaulipas, en su mensaje de clausura.<\/p>\n\n\n\n<p>La ponencia estuvo a cargo de la doctora Tania Hern\u00e1ndez Nodarse, licenciada en Educaci\u00f3n con especialidad en Defectolog\u00eda y doctora en Ciencias Pedag\u00f3gicas, con l\u00ednea de investigaci\u00f3n en la atenci\u00f3n logofoni\u00e1trica en personas con trastornos de la comunicaci\u00f3n y el lenguaje. Actualmente se desempe\u00f1a como profesora titular y vicedecana de investigaci\u00f3n, posgrado e internacionalizaci\u00f3n en la Universidad Central \u201cMarta Abreu\u201d de las Villas, en Cuba.<\/p>\n\n\n\n<p>Uno de los objetivos de esta conmemoraci\u00f3n es concientizar a la poblaci\u00f3n sobre el espectro autista, as\u00ed como visibilizar el trabajo que se desarrolla en Tamaulipas a trav\u00e9s del Centro de Autismo Tamaulipas, beneficiando a ni\u00f1as y ni\u00f1os dentro del espectro autista mediante atenci\u00f3n especializada y personalizada, que favorezca diagn\u00f3sticos oportunos y el desarrollo de sus habilidades.<\/p>\n\n\n\n<p>Desde el DIF Tamaulipas se refrenda el compromiso de seguir fortaleciendo el modelo integral de atenci\u00f3n para ni\u00f1as y ni\u00f1os dentro del espectro autista, contribuyendo a la construcci\u00f3n de una sociedad m\u00e1s equitativa y emp\u00e1tica, donde se respeten sus derechos y se garantice su inclusi\u00f3n plena, mejorando su calidad de vida y la de sus familias.<\/p>\n\n\n\n<p>***<\/p>\n\n\n\n<figure class=\"wp-block-image\"><a href=\"https:\/\/www.tamaulipas.gob.mx\/wp-content\/uploads\/2026\/03\/DIF-030-2026.-Promueve-DIF-Tamaulipas-la-comprension-del-autismo-con-conferencia-Historias-que-Transforman-1.jpeg\"><img decoding=\"async\" src=\"https:\/\/www.tamaulipas.gob.mx\/wp-content\/uploads\/2026\/03\/DIF-030-2026.-Promueve-DIF-Tamaulipas-la-comprension-del-autismo-con-conferencia-Historias-que-Transforman-1-850x500.jpeg\" alt=\"\"\/><\/a><\/figure>\n","protected":false},"excerpt":{"rendered":"<p>Marzo 25 de 2026 Ciudad Victoria, Tamaulipas.- Para sensibilizar a la comunidad en general, as\u00ed como fortalecer el conocimiento sobre el autismo y reafirmar el compromiso social de construir entornos m\u00e1s emp\u00e1ticos, accesibles e inclusivos, el Sistema DIF Tamaulipas, que preside la doctora Mar\u00eda de Villarreal, llev\u00f3 a cabo la conferencia \u201cAutismo: Historias que Transforman\u201d, &hellip;<\/p>\n","protected":false},"author":2,"featured_media":9157,"comment_status":"open","ping_status":"open","sticky":false,"template":"","format":"standard","meta":{"footnotes":""},"categories":[47],"tags":[],"class_list":["post-9156","post","type-post","status-publish","format-standard","has-post-thumbnail","","category-dif-tamaulipas"],"_links":{"self":[{"href":"https:\/\/norestedigital.net\/index.php\/wp-json\/wp\/v2\/posts\/9156","targetHints":{"allow":["GET"]}}],"collection":[{"href":"https:\/\/norestedigital.net\/index.php\/wp-json\/wp\/v2\/posts"}],"about":[{"href":"https:\/\/norestedigital.net\/index.php\/wp-json\/wp\/v2\/types\/post"}],"author":[{"embeddable":true,"href":"https:\/\/norestedigital.net\/index.php\/wp-json\/wp\/v2\/users\/2"}],"replies":[{"embeddable":true,"href":"https:\/\/norestedigital.net\/index.php\/wp-json\/wp\/v2\/comments?post=9156"}],"version-history":[{"count":1,"href":"https:\/\/norestedigital.net\/index.php\/wp-json\/wp\/v2\/posts\/9156\/revisions"}],"predecessor-version":[{"id":9159,"href":"https:\/\/norestedigital.net\/index.php\/wp-json\/wp\/v2\/posts\/9156\/revisions\/9159"}],"wp:featuredmedia":[{"embeddable":true,"href":"https:\/\/norestedigital.net\/index.php\/wp-json\/wp\/v2\/media\/9157"}],"wp:attachment":[{"href":"https:\/\/norestedigital.net\/index.php\/wp-json\/wp\/v2\/media?parent=9156"}],"wp:term":[{"taxonomy":"category","embeddable":true,"href":"https:\/\/norestedigital.net\/index.php\/wp-json\/wp\/v2\/categories?post=9156"},{"taxonomy":"post_tag","embeddable":true,"href":"https:\/\/norestedigital.net\/index.php\/wp-json\/wp\/v2\/tags?post=9156"}],"curies":[{"name":"wp","href":"https:\/\/api.w.org\/{rel}","templated":true}]}}