{"id":9163,"date":"2026-03-25T22:15:54","date_gmt":"2026-03-26T04:15:54","guid":{"rendered":"https:\/\/norestedigital.net\/?p=9163"},"modified":"2026-03-25T22:16:08","modified_gmt":"2026-03-26T04:16:08","slug":"realizan-con-exito-feria-nacional-de-empleo-de-la-mujer-2026-en-ciudad-victoria","status":"publish","type":"post","link":"https:\/\/norestedigital.net\/index.php\/2026\/03\/25\/realizan-con-exito-feria-nacional-de-empleo-de-la-mujer-2026-en-ciudad-victoria\/","title":{"rendered":"Realizan con \u00e9xito Feria Nacional de Empleo de la Mujer 2026 en Ciudad Victoria"},"content":{"rendered":"\n<p>Marzo 25 de 2026<\/p>\n\n\n\n<p>Ciudad Victoria, Tamaulipas.\u2013 Con el objetivo de fortalecer la inclusi\u00f3n laboral y generar mayores oportunidades para las mujeres, la Secretar\u00eda del Trabajo y Previsi\u00f3n Social llev\u00f3 a cabo la Feria Nacional de Empleo de la Mujer 2026, evento realizado en el Gimnasio Multidisciplinario de la UAT, que reuni\u00f3 a empresas y buscadoras de empleo en un mismo espacio para facilitar su vinculaci\u00f3n directa.<\/p>\n\n\n\n<p>Durante esta jornada, se cont\u00f3 con la participaci\u00f3n de m\u00e1s de 40 empresas presenciales y diversas opciones virtuales, ofertando alrededor de 450 vacantes en sectores comerciales, industriales y de servicios, con salarios competitivos que contribuyen a mejorar la calidad de vida de las tamaulipecas.<\/p>\n\n\n\n<p>El secretario del Trabajo y Previsi\u00f3n Social, Luis Gerardo Illoldi Reyes, destac\u00f3 que este tipo de iniciativas permiten avanzar en la construcci\u00f3n de un mercado laboral m\u00e1s justo e incluyente, al tiempo que refrend\u00f3 el compromiso de seguir impulsando estrategias que favorezcan la colocaci\u00f3n de mujeres en empleos formales.<\/p>\n\n\n\n<p>Asimismo, se subray\u00f3 que estas acciones forman parte de una pol\u00edtica p\u00fablica enfocada en fortalecer la autonom\u00eda econ\u00f3mica de las mujeres, brind\u00e1ndoles herramientas y espacios que faciliten su desarrollo profesional.<\/p>\n\n\n\n<p>Est\u00e1 feria fue encabezada por el subsecretario de Empleo y Productividad Laboral, Emmanuel Res\u00e9ndez G\u00f3mez, quien estuvo acompa\u00f1ado por la directora del Servicio Nacional del Empleo, Consuelo Nallely Lara Monroy, tambi\u00e9n acudi\u00f3 la diputada Gabriela Regalado Fuente, la l\u00edder del SUSTPET, Blanca Guadalupe Valles Rodr\u00edguez, el alcalde de Padilla, Ernesto Quintanilla y la directora del ITACE, Claudia Anaya Alvarado.<\/p>\n\n\n\n<p>Con estas acciones, dijo, el Gobierno del Estado reafirma su compromiso de seguir generando condiciones que impulsen el bienestar social y econ\u00f3mico, en el marco del gobierno de la transformaci\u00f3n que encabeza Am\u00e9rico Villarreal Anaya.<\/p>\n","protected":false},"excerpt":{"rendered":"<p>Marzo 25 de 2026 Ciudad Victoria, Tamaulipas.\u2013 Con el objetivo de fortalecer la inclusi\u00f3n laboral y generar mayores oportunidades para las mujeres, la Secretar\u00eda del Trabajo y Previsi\u00f3n Social llev\u00f3 a cabo la Feria Nacional de Empleo de la Mujer 2026, evento realizado en el Gimnasio Multidisciplinario de la UAT, que reuni\u00f3 a empresas y &hellip;<\/p>\n","protected":false},"author":2,"featured_media":9164,"comment_status":"open","ping_status":"open","sticky":false,"template":"","format":"standard","meta":{"footnotes":""},"categories":[10],"tags":[],"class_list":["post-9163","post","type-post","status-publish","format-standard","has-post-thumbnail","","category-tam"],"_links":{"self":[{"href":"https:\/\/norestedigital.net\/index.php\/wp-json\/wp\/v2\/posts\/9163","targetHints":{"allow":["GET"]}}],"collection":[{"href":"https:\/\/norestedigital.net\/index.php\/wp-json\/wp\/v2\/posts"}],"about":[{"href":"https:\/\/norestedigital.net\/index.php\/wp-json\/wp\/v2\/types\/post"}],"author":[{"embeddable":true,"href":"https:\/\/norestedigital.net\/index.php\/wp-json\/wp\/v2\/users\/2"}],"replies":[{"embeddable":true,"href":"https:\/\/norestedigital.net\/index.php\/wp-json\/wp\/v2\/comments?post=9163"}],"version-history":[{"count":1,"href":"https:\/\/norestedigital.net\/index.php\/wp-json\/wp\/v2\/posts\/9163\/revisions"}],"predecessor-version":[{"id":9165,"href":"https:\/\/norestedigital.net\/index.php\/wp-json\/wp\/v2\/posts\/9163\/revisions\/9165"}],"wp:featuredmedia":[{"embeddable":true,"href":"https:\/\/norestedigital.net\/index.php\/wp-json\/wp\/v2\/media\/9164"}],"wp:attachment":[{"href":"https:\/\/norestedigital.net\/index.php\/wp-json\/wp\/v2\/media?parent=9163"}],"wp:term":[{"taxonomy":"category","embeddable":true,"href":"https:\/\/norestedigital.net\/index.php\/wp-json\/wp\/v2\/categories?post=9163"},{"taxonomy":"post_tag","embeddable":true,"href":"https:\/\/norestedigital.net\/index.php\/wp-json\/wp\/v2\/tags?post=9163"}],"curies":[{"name":"wp","href":"https:\/\/api.w.org\/{rel}","templated":true}]}}