{"id":9186,"date":"2026-03-25T22:51:51","date_gmt":"2026-03-26T04:51:51","guid":{"rendered":"https:\/\/norestedigital.net\/?p=9186"},"modified":"2026-03-25T22:52:29","modified_gmt":"2026-03-26T04:52:29","slug":"opinion-economica-y-cultural-tampico-y-altamira-reafirman-hermandad","status":"publish","type":"post","link":"https:\/\/norestedigital.net\/index.php\/2026\/03\/25\/opinion-economica-y-cultural-tampico-y-altamira-reafirman-hermandad\/","title":{"rendered":"Opini\u00f3n Econ\u00f3mica y Cultural&#8230;.TAMPICO Y ALTAMIRA REAFIRMAN HERMANDAD"},"content":{"rendered":"\n<p>Columna Opini\u00f3n Econ\u00f3mica y Cultural.<\/p>\n\n\n\n<p>Dr. Jorge A. Lera Mej\u00eda.<\/p>\n\n\n\n<p>En un encuentro que refleja la s\u00f3lida relaci\u00f3n institucional y de amistad entre los municipios del sur de Tamaulipas, la alcaldesa de Tampico, M\u00f3nica Villarreal Anaya, extendi\u00f3 una invitaci\u00f3n oficial al Cabildo de Altamira y a su presidente municipal, Armando Mart\u00ednez Manr\u00edquez, para participar en la ceremonia del 203 aniversario de la fundaci\u00f3n de Tampico.<\/p>\n\n\n\n<p>La reuni\u00f3n, realizada en Altamira, se distingui\u00f3 por un ambiente de cordialidad y cooperaci\u00f3n.<\/p>\n\n\n\n<p>La alcaldesa Villarreal Anaya destac\u00f3 el compromiso de su administraci\u00f3n por fortalecer los lazos hist\u00f3ricos, culturales y econ\u00f3micos que unen a Tampico y Altamira, dos ciudades hermanas que comparten visi\u00f3n de progreso dentro de la regi\u00f3n conurbada del sur de Tamaulipas.<\/p>\n\n\n\n<p>Durante la visita, la presidenta del Sistema DIF de Altamira, Rossy Luque de Mart\u00ednez, expres\u00f3 su agradecimiento al gobierno tampique\u00f1o por compartir una celebraci\u00f3n de profundo valor simb\u00f3lico. \u201cNos dio mucho gusto recibir a los integrantes del gobierno de Tampico; esta invitaci\u00f3n nos une en una fecha que tambi\u00e9n forma parte de nuestra historia, porque de Altamira salieron los primeros pobladores que dieron origen a Tampico\u201d, se\u00f1al\u00f3.<\/p>\n\n\n\n<p>La fundaci\u00f3n de Tampico, el 13 de abril de 1823, est\u00e1 \u00edntimamente ligada a la historia de Altamira. Los primeros colonos que habitaron la naciente villa proced\u00edan de Altamira, quienes, organizados en caravanas, se trasladaron hacia la desembocadura del r\u00edo P\u00e1nuco, buscando un sitio propicio para el comercio mar\u00edtimo.<\/p>\n\n\n\n<p>Aquel asentamiento inicial, ubicado en la zona de \u201cLas Tunas\u201d, dio origen al actual puerto de Tampico.<\/p>\n\n\n\n<p>El hecho simboliza desde entonces la hermandad fundacional entre ambas comunidades, un v\u00ednculo que ha perdurado por m\u00e1s de dos siglos y que hoy encuentra continuidad en el trabajo coordinado entre sus gobiernos municipales.<\/p>\n\n\n\n<p>Coincidencia de prop\u00f3sitos y desarrollo regional<\/p>\n\n\n\n<p>Tanto M\u00f3nica Villarreal Anaya como Armando Mart\u00ednez Manr\u00edquez coincidieron en la necesidad de mantener una agenda conjunta en materia de turismo cultural, preservaci\u00f3n patrimonial y desarrollo econ\u00f3mico.<\/p>\n\n\n\n<p>La alcaldesa tampique\u00f1a se\u00f1al\u00f3 que \u201cel progreso de nuestras ciudades no puede entenderse de manera aislada. Altamira y Tampico comparten una misma historia, una identidad com\u00fan y un futuro compartido\u201d.<\/p>\n\n\n\n<p>De igual manera, el presidente municipal de Altamira reafirm\u00f3 su disposici\u00f3n a colaborar en proyectos que impulsen la integraci\u00f3n de la zona conurbada. En sus palabras, esta uni\u00f3n \u201cno solo honra el pasado, sino que abre oportunidades para construir un futuro m\u00e1s pr\u00f3spero y solidario para nuestras familias y comunidades\u201d.<\/p>\n\n\n\n<p>El 203 aniversario de Tampico ser\u00e1 una conmemoraci\u00f3n que rinda homenaje a los or\u00edgenes comunes entre ambos municipios.<\/p>\n\n\n\n<p>A trav\u00e9s de la cultura, las tradiciones y la historia compartida, Altamira y Tampico reafirman su compromiso de trabajar juntos por una regi\u00f3n m\u00e1s fuerte, donde prevalezcan la amistad, el respeto y la cooperaci\u00f3n.<\/p>\n\n\n\n<p>Hoy, como hace m\u00e1s de dos siglos, ambas ciudades contin\u00faan caminando de la mano, orgullosas de sus ra\u00edces y listas para escribir nuevos cap\u00edtulos en su historia com\u00fan.<\/p>\n","protected":false},"excerpt":{"rendered":"<p>Columna Opini\u00f3n Econ\u00f3mica y Cultural. Dr. Jorge A. Lera Mej\u00eda. En un encuentro que refleja la s\u00f3lida relaci\u00f3n institucional y de amistad entre los municipios del sur de Tamaulipas, la alcaldesa de Tampico, M\u00f3nica Villarreal Anaya, extendi\u00f3 una invitaci\u00f3n oficial al Cabildo de Altamira y a su presidente municipal, Armando Mart\u00ednez Manr\u00edquez, para participar en &hellip;<\/p>\n","protected":false},"author":2,"featured_media":1193,"comment_status":"open","ping_status":"open","sticky":false,"template":"","format":"standard","meta":{"footnotes":""},"categories":[4],"tags":[],"class_list":["post-9186","post","type-post","status-publish","format-standard","has-post-thumbnail","","category-columnistas-fashion"],"_links":{"self":[{"href":"https:\/\/norestedigital.net\/index.php\/wp-json\/wp\/v2\/posts\/9186","targetHints":{"allow":["GET"]}}],"collection":[{"href":"https:\/\/norestedigital.net\/index.php\/wp-json\/wp\/v2\/posts"}],"about":[{"href":"https:\/\/norestedigital.net\/index.php\/wp-json\/wp\/v2\/types\/post"}],"author":[{"embeddable":true,"href":"https:\/\/norestedigital.net\/index.php\/wp-json\/wp\/v2\/users\/2"}],"replies":[{"embeddable":true,"href":"https:\/\/norestedigital.net\/index.php\/wp-json\/wp\/v2\/comments?post=9186"}],"version-history":[{"count":1,"href":"https:\/\/norestedigital.net\/index.php\/wp-json\/wp\/v2\/posts\/9186\/revisions"}],"predecessor-version":[{"id":9187,"href":"https:\/\/norestedigital.net\/index.php\/wp-json\/wp\/v2\/posts\/9186\/revisions\/9187"}],"wp:featuredmedia":[{"embeddable":true,"href":"https:\/\/norestedigital.net\/index.php\/wp-json\/wp\/v2\/media\/1193"}],"wp:attachment":[{"href":"https:\/\/norestedigital.net\/index.php\/wp-json\/wp\/v2\/media?parent=9186"}],"wp:term":[{"taxonomy":"category","embeddable":true,"href":"https:\/\/norestedigital.net\/index.php\/wp-json\/wp\/v2\/categories?post=9186"},{"taxonomy":"post_tag","embeddable":true,"href":"https:\/\/norestedigital.net\/index.php\/wp-json\/wp\/v2\/tags?post=9186"}],"curies":[{"name":"wp","href":"https:\/\/api.w.org\/{rel}","templated":true}]}}