{"id":9521,"date":"2026-03-30T11:14:34","date_gmt":"2026-03-30T17:14:34","guid":{"rendered":"https:\/\/norestedigital.net\/?p=9521"},"modified":"2026-03-30T11:14:37","modified_gmt":"2026-03-30T17:14:37","slug":"invita-gobierno-de-nuevo-laredo-a-disfrutar-espacios-publicos-durante-vacaciones-de-semana-santa","status":"publish","type":"post","link":"https:\/\/norestedigital.net\/index.php\/2026\/03\/30\/invita-gobierno-de-nuevo-laredo-a-disfrutar-espacios-publicos-durante-vacaciones-de-semana-santa\/","title":{"rendered":"INVITA GOBIERNO DE NUEVO LAREDO A DISFRUTAR ESPACIOS P\u00daBLICOS DURANTE VACACIONES DE SEMANA SANTA"},"content":{"rendered":"\n<p>INVITA GOBIERNO DE NUEVO LAREDO A DISFRUTAR ESPACIOS P\u00daBLICOS DURANTE VACACIONES DE SEMANA SANTA<\/p>\n\n\n\n<p>El Gobierno Municipal hace una atenta invitaci\u00f3n a las familias de la ciudad para que, durante el pr\u00f3ximo periodo vacacional de Semana Santa, disfruten de los distintos espacios p\u00fablicos que se encuentran en \u00f3ptimas condiciones para la sana convivencia, el esparcimiento y la integraci\u00f3n familiar.<\/p>\n\n\n\n<figure class=\"wp-block-image size-full\"><img decoding=\"async\" src=\"https:\/\/globalnewsmx.net\/wp-content\/uploads\/2026\/03\/30-3-2026-11.3.39-5.jpg\" alt=\"\" class=\"wp-image-6616\"\/><\/figure>\n\n\n\n<p>Entre los principales puntos de encuentro destaca el Parque Pen\u00ednsula del Laguito, un espacio emblem\u00e1tico que ofrece una amplia variedad de atractivos para visitantes de todas las edades. En este lugar, las y los ciudadanos podr\u00e1n apreciar atardeceres caracter\u00edsticos de la ciudad, as\u00ed como disfrutar de \u00e1reas dise\u00f1adas para la recreaci\u00f3n y la activaci\u00f3n f\u00edsica.<\/p>\n\n\n\n<p>El parque cuenta con infraestructura moderna que incluye un puente panor\u00e1mico, ideal para actividades recreativas y la apreciaci\u00f3n del entorno, adem\u00e1s de canchas deportivas para la pr\u00e1ctica de disciplinas como f\u00fatbol, b\u00e1squetbol y tochito.<\/p>\n\n\n\n<figure class=\"wp-block-image size-full\"><img decoding=\"async\" src=\"https:\/\/globalnewsmx.net\/wp-content\/uploads\/2026\/03\/30-3-2026-11.3.33-4.jpg\" alt=\"\" class=\"wp-image-6617\"\/><\/figure>\n\n\n\n<p>De igual forma, dispone de un \u00e1rea acu\u00e1tica que brinda una alternativa de esparcimiento para quienes buscan mitigar las altas temperaturas propias de la temporada.<\/p>\n\n\n\n<figure class=\"wp-block-image size-full\"><img decoding=\"async\" src=\"https:\/\/globalnewsmx.net\/wp-content\/uploads\/2026\/03\/30-3-2026-11.3.29-3.jpg\" alt=\"\" class=\"wp-image-6618\"\/><\/figure>\n\n\n\n<p>Estas acciones forman parte del compromiso del Gobierno Municipal por fortalecer los espacios p\u00fablicos como puntos de encuentro seguros, accesibles y dignos para todas las familias, promoviendo entornos que contribuyan al bienestar social y a la reconstrucci\u00f3n del tejido comunitario.<\/p>\n\n\n\n<p>Finalmente, se exhorta a la ciudadan\u00eda a hacer uso responsable de las instalaciones, respetar las indicaciones y contribuir al cuidado de estos espacios, con el objetivo de mantenerlos en condiciones \u00f3ptimas para el disfrute de todas y todos.<\/p>\n","protected":false},"excerpt":{"rendered":"<p>INVITA GOBIERNO DE NUEVO LAREDO A DISFRUTAR ESPACIOS P\u00daBLICOS DURANTE VACACIONES DE SEMANA SANTA El Gobierno Municipal hace una atenta invitaci\u00f3n a las familias de la ciudad para que, durante el pr\u00f3ximo periodo vacacional de Semana Santa, disfruten de los distintos espacios p\u00fablicos que se encuentran en \u00f3ptimas condiciones para la sana convivencia, el esparcimiento &hellip;<\/p>\n","protected":false},"author":2,"featured_media":9524,"comment_status":"open","ping_status":"open","sticky":false,"template":"","format":"standard","meta":{"footnotes":""},"categories":[37],"tags":[],"class_list":["post-9521","post","type-post","status-publish","format-standard","has-post-thumbnail","","category-nuevo-laredo"],"_links":{"self":[{"href":"https:\/\/norestedigital.net\/index.php\/wp-json\/wp\/v2\/posts\/9521","targetHints":{"allow":["GET"]}}],"collection":[{"href":"https:\/\/norestedigital.net\/index.php\/wp-json\/wp\/v2\/posts"}],"about":[{"href":"https:\/\/norestedigital.net\/index.php\/wp-json\/wp\/v2\/types\/post"}],"author":[{"embeddable":true,"href":"https:\/\/norestedigital.net\/index.php\/wp-json\/wp\/v2\/users\/2"}],"replies":[{"embeddable":true,"href":"https:\/\/norestedigital.net\/index.php\/wp-json\/wp\/v2\/comments?post=9521"}],"version-history":[{"count":1,"href":"https:\/\/norestedigital.net\/index.php\/wp-json\/wp\/v2\/posts\/9521\/revisions"}],"predecessor-version":[{"id":9525,"href":"https:\/\/norestedigital.net\/index.php\/wp-json\/wp\/v2\/posts\/9521\/revisions\/9525"}],"wp:featuredmedia":[{"embeddable":true,"href":"https:\/\/norestedigital.net\/index.php\/wp-json\/wp\/v2\/media\/9524"}],"wp:attachment":[{"href":"https:\/\/norestedigital.net\/index.php\/wp-json\/wp\/v2\/media?parent=9521"}],"wp:term":[{"taxonomy":"category","embeddable":true,"href":"https:\/\/norestedigital.net\/index.php\/wp-json\/wp\/v2\/categories?post=9521"},{"taxonomy":"post_tag","embeddable":true,"href":"https:\/\/norestedigital.net\/index.php\/wp-json\/wp\/v2\/tags?post=9521"}],"curies":[{"name":"wp","href":"https:\/\/api.w.org\/{rel}","templated":true}]}}