{"id":9526,"date":"2026-03-30T11:16:57","date_gmt":"2026-03-30T17:16:57","guid":{"rendered":"https:\/\/norestedigital.net\/?p=9526"},"modified":"2026-03-30T11:17:11","modified_gmt":"2026-03-30T17:17:11","slug":"fortalece-gobierno-de-nuevo-laredo-participacion-juvenil-con-concurso-de-oratoria-sobre-legado-cardenista","status":"publish","type":"post","link":"https:\/\/norestedigital.net\/index.php\/2026\/03\/30\/fortalece-gobierno-de-nuevo-laredo-participacion-juvenil-con-concurso-de-oratoria-sobre-legado-cardenista\/","title":{"rendered":"FORTALECE GOBIERNO DE NUEVO LAREDO PARTICIPACI\u00d3N JUVENIL CON CONCURSO DE ORATORIA SOBRE LEGADO CARDENISTA"},"content":{"rendered":"\n<p>FORTALECE GOBIERNO DE NUEVO LAREDO PARTICIPACI\u00d3N JUVENIL CON CONCURSO DE ORATORIA SOBRE LEGADO CARDENISTA<\/p>\n\n\n\n<p>Con el objetivo de generar espacios de an\u00e1lisis, reflexi\u00f3n y expresi\u00f3n para las juventudes, el Instituto Municipal para el Desarrollo de la Juventud (IMJUVE) llev\u00f3 a cabo con \u00e9xito el Concurso Municipal de Oratoria \u201cJuventud, Liderazgo y Soberan\u00eda Nacional, Reflexiones desde el Cardenismo\u201d, desde la Sala de Cabildo, consolid\u00e1ndose como un ejercicio formativo que promueve el pensamiento cr\u00edtico y el compromiso social entre las nuevas generaciones.<\/p>\n\n\n\n<p>Durante esta jornada participaron 20 j\u00f3venes provenientes de 12 instituciones educativas p\u00fablicas y privadas, desde nivel medio superior hasta superior, quienes abordaron temas fundamentales para la vida p\u00fablica del pa\u00eds como la soberan\u00eda nacional, la Doctrina Estrada, los derechos de los trabajadores, el reparto agrario, la nacionalizaci\u00f3n de las riquezas de la naci\u00f3n y la justicia social, demostrando un alto nivel de preparaci\u00f3n, conciencia hist\u00f3rica y sentido de pertenencia.<\/p>\n\n\n\n<p>Este ejercicio fue posible gracias al impulso de la presidenta municipal, Carmen Lilia Canturosas, quien a trav\u00e9s del IMJUVE refrenda su compromiso con la formaci\u00f3n integral de la juventud neolaredense, brindando plataformas que incentivan el desarrollo acad\u00e9mico, c\u00edvico y social.<\/p>\n\n\n\n<p>En su intervenci\u00f3n, el director del IMJUVE, Jes\u00fas Espinoza, destac\u00f3 la relevancia de este tipo de actividades como herramientas de transformaci\u00f3n social: \u201cHoy m\u00e1s que nunca necesitamos juventudes cr\u00edticas, informadas y comprometidas con el rumbo de nuestro pa\u00eds. Este concurso no solo fortalece sus habilidades de expresi\u00f3n, sino que tambi\u00e9n siembra en ellas y ellos una profunda conciencia hist\u00f3rica y social; porque cuando una juventud entiende su pasado, tiene la capacidad de construir un futuro con justicia, soberan\u00eda y dignidad para todas y todos\u201d.<\/p>\n\n\n\n<p>Tras una destacada participaci\u00f3n, el jurado calificador otorg\u00f3 el primer lugar a Melannie Dayan Olvera Rosales, estudiante de la Facultad de Comercio, Administraci\u00f3n y Ciencias Sociales de la UAT Nuevo Laredo, quien recibi\u00f3 un premio de 5 mil pesos. El segundo lugar fue para Alondra Anah\u00ed Padilla Esquivel, de la Universidad Tecnol\u00f3gica de Nuevo Laredo, con un est\u00edmulo de 2 mil 500 pesos, mientras que el tercer lugar lo obtuvo Ximenna Jocelynn Mor\u00edn Guti\u00e9rrez, de la Preparatoria UAT Nuevo Laredo.<\/p>\n\n\n\n<p>El Gobierno Municipal reconoci\u00f3 y agradeci\u00f3 la participaci\u00f3n del jurado calificador integrado por la regidora Cristabell Zamora Cabrera, quien adem\u00e1s brind\u00f3 valiosa retroalimentaci\u00f3n a las y los participantes, as\u00ed como del profesor Luis Trevi\u00f1o, en representaci\u00f3n de la Logia Mas\u00f3nica, y la maestra Margarita Zuarth, quienes contribuyeron a enriquecer este ejercicio acad\u00e9mico.<\/p>\n\n\n\n<p>De igual forma, se cont\u00f3 con la presencia de autoridades educativas y municipales, entre ellas el regidor presidente de la Comisi\u00f3n de Juventud, Enrique Figueroa; el jefe del CREDE, C\u00e9sar Bola\u00f1os; el director de la Preparatoria UAT, C\u00e9sar Eugenio Ancona; la directora del Colegio Irland\u00e9s, maestra Maricarmen Cort\u00e9s Aguirre; y la directora de la Preparatoria Elena Poniatowska, profesora Mar\u00eda Nidia Benavides, quienes atestiguaron el talento y compromiso de las juventudes participantes.<\/p>\n\n\n\n<p>Con acciones como esta, el Gobierno Municipal de Nuevo Laredo refrenda su compromiso de seguir impulsando pol\u00edticas p\u00fablicas que fortalezcan la participaci\u00f3n activa de las y los j\u00f3venes, promoviendo espacios que contribuyan a su desarrollo integral y a la construcci\u00f3n de una sociedad m\u00e1s justa, informada y participativa.<\/p>\n","protected":false},"excerpt":{"rendered":"<p>FORTALECE GOBIERNO DE NUEVO LAREDO PARTICIPACI\u00d3N JUVENIL CON CONCURSO DE ORATORIA SOBRE LEGADO CARDENISTA Con el objetivo de generar espacios de an\u00e1lisis, reflexi\u00f3n y expresi\u00f3n para las juventudes, el Instituto Municipal para el Desarrollo de la Juventud (IMJUVE) llev\u00f3 a cabo con \u00e9xito el Concurso Municipal de Oratoria \u201cJuventud, Liderazgo y Soberan\u00eda Nacional, Reflexiones desde &hellip;<\/p>\n","protected":false},"author":2,"featured_media":9527,"comment_status":"open","ping_status":"open","sticky":false,"template":"","format":"standard","meta":{"footnotes":""},"categories":[2,37],"tags":[],"class_list":["post-9526","post","type-post","status-publish","format-standard","has-post-thumbnail","","category-mun","category-nuevo-laredo"],"_links":{"self":[{"href":"https:\/\/norestedigital.net\/index.php\/wp-json\/wp\/v2\/posts\/9526","targetHints":{"allow":["GET"]}}],"collection":[{"href":"https:\/\/norestedigital.net\/index.php\/wp-json\/wp\/v2\/posts"}],"about":[{"href":"https:\/\/norestedigital.net\/index.php\/wp-json\/wp\/v2\/types\/post"}],"author":[{"embeddable":true,"href":"https:\/\/norestedigital.net\/index.php\/wp-json\/wp\/v2\/users\/2"}],"replies":[{"embeddable":true,"href":"https:\/\/norestedigital.net\/index.php\/wp-json\/wp\/v2\/comments?post=9526"}],"version-history":[{"count":1,"href":"https:\/\/norestedigital.net\/index.php\/wp-json\/wp\/v2\/posts\/9526\/revisions"}],"predecessor-version":[{"id":9528,"href":"https:\/\/norestedigital.net\/index.php\/wp-json\/wp\/v2\/posts\/9526\/revisions\/9528"}],"wp:featuredmedia":[{"embeddable":true,"href":"https:\/\/norestedigital.net\/index.php\/wp-json\/wp\/v2\/media\/9527"}],"wp:attachment":[{"href":"https:\/\/norestedigital.net\/index.php\/wp-json\/wp\/v2\/media?parent=9526"}],"wp:term":[{"taxonomy":"category","embeddable":true,"href":"https:\/\/norestedigital.net\/index.php\/wp-json\/wp\/v2\/categories?post=9526"},{"taxonomy":"post_tag","embeddable":true,"href":"https:\/\/norestedigital.net\/index.php\/wp-json\/wp\/v2\/tags?post=9526"}],"curies":[{"name":"wp","href":"https:\/\/api.w.org\/{rel}","templated":true}]}}