{"id":9544,"date":"2026-03-30T13:04:24","date_gmt":"2026-03-30T19:04:24","guid":{"rendered":"https:\/\/norestedigital.net\/?p=9544"},"modified":"2026-03-30T13:04:27","modified_gmt":"2026-03-30T19:04:27","slug":"reconoce-rector-la-excelencia-academica-de-egresados-uat-en-el-egel","status":"publish","type":"post","link":"https:\/\/norestedigital.net\/index.php\/2026\/03\/30\/reconoce-rector-la-excelencia-academica-de-egresados-uat-en-el-egel\/","title":{"rendered":"Reconoce rector la excelencia acad\u00e9mica de egresados UAT en el EGEL"},"content":{"rendered":"\n<p>Ciudad Victoria, Tam.; 30 de marzo de 2026.<\/p>\n\n\n\n<p>Reconoce rector la excelencia acad\u00e9mica de egresados UAT en el EGEL<\/p>\n\n\n\n<p>Durante la 17.\u00aa Reuni\u00f3n del Colegio de Directores, el rector de la Universidad Aut\u00f3noma de Tamaulipas (UAT), D\u00e1maso Anaya Alvarado, entreg\u00f3 reconocimientos a estudiantes y dependencias que alcanzaron resultados de excelencia en el Examen General para el Egreso de Licenciatura (EGEL), periodo enero-junio de 2025.<br>En la ceremonia se distingui\u00f3 a cuarenta y cuatro egresados de diez facultades y unidades acad\u00e9micas, quienes destacaron en esta evaluaci\u00f3n nacional que avala las competencias necesarias para el ejercicio profesional bajo est\u00e1ndares de alta calidad.<br>El rector subray\u00f3 que estos logros son fruto del talento estudiantil y del compromiso docente, consolidando a la UAT como un referente de formaci\u00f3n integral y mejora continua.<br>Asimismo, subray\u00f3 que el reconocimiento EGEL representa una distinci\u00f3n que fortalece el prestigio institucional de la UAT, al evidenciar la calidad de sus programas educativos y la pertinencia de su modelo acad\u00e9mico en el contexto nacional.<br>Durante el evento, el rector hizo entrega de diplomas y distintivos a titulares de las dependencias acad\u00e9micas con egresados destacados, entre ellas unidades acad\u00e9micas multidisciplinarias y facultades de las \u00e1reas de medicina, enfermer\u00eda, odontolog\u00eda, comercio y derecho, reflejando el alcance y diversidad de la oferta educativa de la Universidad.<br>En ese marco, se reconoci\u00f3 el papel de las dependencias acad\u00e9micas de la UAT en la consolidaci\u00f3n de procesos formativos que promueven el desarrollo de competencias profesionales, el pensamiento cr\u00edtico y el compromiso \u00e9tico de los egresados, elementos clave para su inserci\u00f3n en el \u00e1mbito laboral y su contribuci\u00f3n al desarrollo social.<br>Finalmente, D\u00e1maso Anaya Alvarado reiter\u00f3 que la Universidad continuar\u00e1 impulsando acciones que fortalezcan la calidad educativa y el desempe\u00f1o acad\u00e9mico de sus estudiantes, promoviendo una cultura de excelencia que distinga a la comunidad universitaria.<\/p>\n","protected":false},"excerpt":{"rendered":"<p>Ciudad Victoria, Tam.; 30 de marzo de 2026. Reconoce rector la excelencia acad\u00e9mica de egresados UAT en el EGEL Durante la 17.\u00aa Reuni\u00f3n del Colegio de Directores, el rector de la Universidad Aut\u00f3noma de Tamaulipas (UAT), D\u00e1maso Anaya Alvarado, entreg\u00f3 reconocimientos a estudiantes y dependencias que alcanzaron resultados de excelencia en el Examen General para &hellip;<\/p>\n","protected":false},"author":2,"featured_media":9545,"comment_status":"open","ping_status":"open","sticky":false,"template":"","format":"standard","meta":{"footnotes":""},"categories":[62,42],"tags":[],"class_list":["post-9544","post","type-post","status-publish","format-standard","has-post-thumbnail","","category-portada","category-uat"],"_links":{"self":[{"href":"https:\/\/norestedigital.net\/index.php\/wp-json\/wp\/v2\/posts\/9544","targetHints":{"allow":["GET"]}}],"collection":[{"href":"https:\/\/norestedigital.net\/index.php\/wp-json\/wp\/v2\/posts"}],"about":[{"href":"https:\/\/norestedigital.net\/index.php\/wp-json\/wp\/v2\/types\/post"}],"author":[{"embeddable":true,"href":"https:\/\/norestedigital.net\/index.php\/wp-json\/wp\/v2\/users\/2"}],"replies":[{"embeddable":true,"href":"https:\/\/norestedigital.net\/index.php\/wp-json\/wp\/v2\/comments?post=9544"}],"version-history":[{"count":1,"href":"https:\/\/norestedigital.net\/index.php\/wp-json\/wp\/v2\/posts\/9544\/revisions"}],"predecessor-version":[{"id":9546,"href":"https:\/\/norestedigital.net\/index.php\/wp-json\/wp\/v2\/posts\/9544\/revisions\/9546"}],"wp:featuredmedia":[{"embeddable":true,"href":"https:\/\/norestedigital.net\/index.php\/wp-json\/wp\/v2\/media\/9545"}],"wp:attachment":[{"href":"https:\/\/norestedigital.net\/index.php\/wp-json\/wp\/v2\/media?parent=9544"}],"wp:term":[{"taxonomy":"category","embeddable":true,"href":"https:\/\/norestedigital.net\/index.php\/wp-json\/wp\/v2\/categories?post=9544"},{"taxonomy":"post_tag","embeddable":true,"href":"https:\/\/norestedigital.net\/index.php\/wp-json\/wp\/v2\/tags?post=9544"}],"curies":[{"name":"wp","href":"https:\/\/api.w.org\/{rel}","templated":true}]}}