{"id":9566,"date":"2026-03-30T17:23:29","date_gmt":"2026-03-30T23:23:29","guid":{"rendered":"https:\/\/norestedigital.net\/?p=9566"},"modified":"2026-03-30T17:23:32","modified_gmt":"2026-03-30T23:23:32","slug":"inicio-la-restriccion-de-carga-por-motivo-de-semana-santa","status":"publish","type":"post","link":"https:\/\/norestedigital.net\/index.php\/2026\/03\/30\/inicio-la-restriccion-de-carga-por-motivo-de-semana-santa\/","title":{"rendered":"Inici\u00f3 la restricci\u00f3n de carga por motivo de Semana Santa"},"content":{"rendered":"\n<p><strong>Inici\u00f3 la restricci\u00f3n de carga<\/strong> <strong>por motivo de Semana Santa<\/strong><\/p>\n\n\n\n<p><strong>&nbsp;&nbsp;&nbsp;&nbsp;&nbsp;&nbsp;&nbsp;&nbsp;&nbsp;&nbsp;&nbsp;&nbsp;&nbsp;&nbsp;&nbsp;&nbsp;&nbsp;&nbsp;&nbsp;&nbsp;&nbsp;&nbsp;&nbsp;&nbsp;&nbsp;&nbsp;&nbsp;&nbsp;&nbsp;&nbsp;&nbsp;&nbsp;&nbsp;&nbsp;&nbsp;&nbsp;&nbsp;&nbsp;&nbsp;&nbsp;&nbsp;&nbsp;&nbsp;&nbsp;&nbsp;&nbsp;&nbsp;Por Javier Claudio<\/strong><\/p>\n\n\n\n<p>&nbsp;&nbsp;&nbsp;&nbsp;&nbsp;&nbsp;&nbsp;&nbsp;&nbsp;&nbsp;&nbsp;&nbsp;Al iniciar el pasado jueves 27 la restricci\u00f3n temporal en la movilizaci\u00f3n de carga sobredimensionada en carteras, se tiene estimado se tendr\u00e1 hasta en un 50 por ciento la contracci\u00f3n de la circulaci\u00f3n del autotransporte de carga en carreteras.<\/p>\n\n\n\n<p>&nbsp;&nbsp;&nbsp;&nbsp;&nbsp;&nbsp;&nbsp;&nbsp;&nbsp;&nbsp;&nbsp;&nbsp;La normalizaci\u00f3n de actividades en las rutas del pa\u00eds se tendr\u00e1 hasta el 12 de abril, luego de crearse los espacios suficientes para el tr\u00e1nsito de vacacionistas con motivo del periodo vacacional de Semana Santa,<\/p>\n\n\n\n<p>&nbsp;&nbsp;&nbsp;&nbsp;&nbsp;&nbsp;&nbsp;&nbsp;&nbsp;&nbsp;&nbsp;&nbsp;La indicaci\u00f3n de baja circulaci\u00f3n por carreteras de camiones de carga por parte de la Secretar\u00eda de Infraestructura, Comunicaciones y Trasporte (SICyT), se mantendr\u00e1 vigente del 27 de marzo al 12 de abril en cuanto a los horarios y sobredimensiones en todas las rutas del pa\u00eds.<\/p>\n\n\n\n<p>&nbsp;&nbsp;&nbsp;&nbsp;&nbsp;&nbsp;&nbsp;&nbsp;&nbsp;&nbsp;&nbsp;&nbsp;De acuerdo a la informaci\u00f3n de la C\u00e1mara Nacional del Autotransporte de Carga (Canacar), el aviso difundido durante el mes de marzo propici\u00f3 que un gran n\u00famero de empresas de carga movilizar\u00e1 carga con anticipaci\u00f3n.<\/p>\n\n\n\n<p>Ante el aviso, empresas y clientes, desde este momento se tuvieron acuerdos y se organizaron para adelantar viajes y disminuir las p\u00e9rdidas por retraso en la entrega de piezas y materiales.<\/p>\n\n\n\n<p>Detall\u00f3 que entre los estados que mayormente tuvieron movilizaci\u00f3n de carga anticipada fueron los estados de Nuevo Le\u00f3n, Chihuahua, Coahuila, San Luis Potos\u00ed, Quer\u00e9taro, la zona del baj\u00edo, entre otras.<\/p>\n\n\n\n<p>Algunas empresas de autotransporte de carga, asintieron en algunos trastornos de la log\u00edstica, sobre todo en los clientes que manejan con prioridad maquinaria para ponerla a trabajar y habr\u00edan redoblado esfuerzos para reducir efectos.<\/p>\n","protected":false},"excerpt":{"rendered":"<p>Inici\u00f3 la restricci\u00f3n de carga por motivo de Semana Santa &nbsp;&nbsp;&nbsp;&nbsp;&nbsp;&nbsp;&nbsp;&nbsp;&nbsp;&nbsp;&nbsp;&nbsp;&nbsp;&nbsp;&nbsp;&nbsp;&nbsp;&nbsp;&nbsp;&nbsp;&nbsp;&nbsp;&nbsp;&nbsp;&nbsp;&nbsp;&nbsp;&nbsp;&nbsp;&nbsp;&nbsp;&nbsp;&nbsp;&nbsp;&nbsp;&nbsp;&nbsp;&nbsp;&nbsp;&nbsp;&nbsp;&nbsp;&nbsp;&nbsp;&nbsp;&nbsp;&nbsp;Por Javier Claudio &nbsp;&nbsp;&nbsp;&nbsp;&nbsp;&nbsp;&nbsp;&nbsp;&nbsp;&nbsp;&nbsp;&nbsp;Al iniciar el pasado jueves 27 la restricci\u00f3n temporal en la movilizaci\u00f3n de carga sobredimensionada en carteras, se tiene estimado se tendr\u00e1 hasta en un 50 por ciento la contracci\u00f3n de la circulaci\u00f3n del autotransporte de carga en carreteras. &nbsp;&nbsp;&nbsp;&nbsp;&nbsp;&nbsp;&nbsp;&nbsp;&nbsp;&nbsp;&nbsp;&nbsp;La normalizaci\u00f3n de &hellip;<\/p>\n","protected":false},"author":2,"featured_media":9568,"comment_status":"open","ping_status":"open","sticky":false,"template":"","format":"standard","meta":{"footnotes":""},"categories":[37],"tags":[],"class_list":["post-9566","post","type-post","status-publish","format-standard","has-post-thumbnail","","category-nuevo-laredo"],"_links":{"self":[{"href":"https:\/\/norestedigital.net\/index.php\/wp-json\/wp\/v2\/posts\/9566","targetHints":{"allow":["GET"]}}],"collection":[{"href":"https:\/\/norestedigital.net\/index.php\/wp-json\/wp\/v2\/posts"}],"about":[{"href":"https:\/\/norestedigital.net\/index.php\/wp-json\/wp\/v2\/types\/post"}],"author":[{"embeddable":true,"href":"https:\/\/norestedigital.net\/index.php\/wp-json\/wp\/v2\/users\/2"}],"replies":[{"embeddable":true,"href":"https:\/\/norestedigital.net\/index.php\/wp-json\/wp\/v2\/comments?post=9566"}],"version-history":[{"count":1,"href":"https:\/\/norestedigital.net\/index.php\/wp-json\/wp\/v2\/posts\/9566\/revisions"}],"predecessor-version":[{"id":9571,"href":"https:\/\/norestedigital.net\/index.php\/wp-json\/wp\/v2\/posts\/9566\/revisions\/9571"}],"wp:featuredmedia":[{"embeddable":true,"href":"https:\/\/norestedigital.net\/index.php\/wp-json\/wp\/v2\/media\/9568"}],"wp:attachment":[{"href":"https:\/\/norestedigital.net\/index.php\/wp-json\/wp\/v2\/media?parent=9566"}],"wp:term":[{"taxonomy":"category","embeddable":true,"href":"https:\/\/norestedigital.net\/index.php\/wp-json\/wp\/v2\/categories?post=9566"},{"taxonomy":"post_tag","embeddable":true,"href":"https:\/\/norestedigital.net\/index.php\/wp-json\/wp\/v2\/tags?post=9566"}],"curies":[{"name":"wp","href":"https:\/\/api.w.org\/{rel}","templated":true}]}}